{"id":2072,"date":"2022-06-01T09:37:06","date_gmt":"2022-06-01T09:37:06","guid":{"rendered":"https:\/\/www.foreo.com\/fr\/blog\/?p=2072"},"modified":"2022-06-01T09:37:06","modified_gmt":"2022-06-01T09:37:06","slug":"decouvrez-les-bienfaits-des-produits-foreo-decryptes-par-une-dermatologue","status":"publish","type":"post","link":"https:\/\/www.foreo.com\/fr\/blog\/decouvrez-les-bienfaits-des-produits-foreo-decryptes-par-une-dermatologue\/","title":{"rendered":"D\u00e9couvrez les Bienfaits des Produits FOREO D\u00e9crypt\u00e9s par une Dermatologue"},"content":{"rendered":"<p>Pour avoir une peau en bonne sant\u00e9, rien n\u2019est plus important que de se cr\u00e9er une routine de soin adapt\u00e9e et d\u2019utiliser des produits de bonne qualit\u00e9. Qu\u2019il s\u2019agisse de cosm\u00e9tiques ou d\u2019appareils de beauty tech, il est crucial de veiller \u00e0 ce que ceux-ci soient respectueux de la peau et qu\u2019ils ne l\u2019exposent pas \u00e0 un quelconque risque de r\u00e9action cutan\u00e9e.<\/p>\n<p>Ainsi, pour s\u2019assurer d\u2019utiliser les bons produits, rien ne vaut l\u2019avis d\u2019un professionnel de sant\u00e9 !<\/p>\n<p><a href=\"https:\/\/www.doctolib.fr\/dermatologue\/paris\/catherine-gaucher-paris\" target=\"_blank\" rel=\"noopener\">Le Dr Gaucher, dermatologue exer\u00e7ant depuis une quarantaine d&rsquo;ann\u00e9es<\/a>, a donc pass\u00e9 au crible les appareils de la routine FOREO et les technologies qu\u2019ils utilisent pour en d\u00e9crypter tous les bienfaits sur la peau.<\/p>\n<div id=\"ez-toc-container\" class=\"ez-toc-v2_0_47_1 counter-hierarchy ez-toc-counter ez-toc-grey ez-toc-container-direction\">\n<div class=\"ez-toc-title-container\">\n<p class=\"ez-toc-title\">Table des mati&egrave;res<\/p>\n<span class=\"ez-toc-title-toggle\"><\/span><\/div>\n<nav><ul class='ez-toc-list ez-toc-list-level-1 ' ><li class='ez-toc-page-1 ez-toc-heading-level-2'><a class=\"ez-toc-link ez-toc-heading-1\" href=\"https:\/\/www.foreo.com\/fr\/blog\/decouvrez-les-bienfaits-des-produits-foreo-decryptes-par-une-dermatologue\/#Nettoyer-sa-peau-efficacement-sans-l%E2%80%99irriter\" title=\"Nettoyer sa peau efficacement sans l\u2019irriter\">Nettoyer sa peau efficacement sans l\u2019irriter<\/a><ul class='ez-toc-list-level-3'><li class='ez-toc-heading-level-3'><a class=\"ez-toc-link ez-toc-heading-2\" href=\"https:\/\/www.foreo.com\/fr\/blog\/decouvrez-les-bienfaits-des-produits-foreo-decryptes-par-une-dermatologue\/#Bien-nettoyer-sa-peau-la-premiere-etape-indispensable-a-toute-routine-de-soins\" title=\"Bien nettoyer sa peau : la premi\u00e8re \u00e9tape indispensable \u00e0 toute routine de soins\">Bien nettoyer sa peau : la premi\u00e8re \u00e9tape indispensable \u00e0 toute routine de soins<\/a><\/li><li class='ez-toc-page-1 ez-toc-heading-level-3'><a class=\"ez-toc-link ez-toc-heading-3\" href=\"https:\/\/www.foreo.com\/fr\/blog\/decouvrez-les-bienfaits-des-produits-foreo-decryptes-par-une-dermatologue\/#LUNA%E2%84%A2-3-pour-un-nettoyage-en-douceur-et-en-profondeur\" title=\"LUNA\u2122 3 pour un nettoyage en douceur et en profondeur\">LUNA\u2122 3 pour un nettoyage en douceur et en profondeur<\/a><\/li><\/ul><\/li><li class='ez-toc-page-1 ez-toc-heading-level-2'><a class=\"ez-toc-link ez-toc-heading-4\" href=\"https:\/\/www.foreo.com\/fr\/blog\/decouvrez-les-bienfaits-des-produits-foreo-decryptes-par-une-dermatologue\/#Rajeunir-sa-peau-en-la-raffermissant\" title=\"Rajeunir sa peau en la raffermissant\">Rajeunir sa peau en la raffermissant<\/a><ul class='ez-toc-list-level-3'><li class='ez-toc-heading-level-3'><a class=\"ez-toc-link ez-toc-heading-5\" href=\"https:\/\/www.foreo.com\/fr\/blog\/decouvrez-les-bienfaits-des-produits-foreo-decryptes-par-une-dermatologue\/#Les-effets-du-temps-sur-la-peau\" title=\"Les effets du temps sur la peau\">Les effets du temps sur la peau<\/a><\/li><li class='ez-toc-page-1 ez-toc-heading-level-3'><a class=\"ez-toc-link ez-toc-heading-6\" href=\"https:\/\/www.foreo.com\/fr\/blog\/decouvrez-les-bienfaits-des-produits-foreo-decryptes-par-une-dermatologue\/#L%E2%80%99utilisation-de-BEAR%E2%84%A2-et-de-ses-micro-courants-pour-sculpter-et-tonifier-le-visage\" title=\"L\u2019utilisation de BEAR\u2122 et de ses micro-courants pour sculpter et tonifier le visage\">L\u2019utilisation de BEAR\u2122 et de ses micro-courants pour sculpter et tonifier le visage<\/a><\/li><\/ul><\/li><li class='ez-toc-page-1 ez-toc-heading-level-2'><a class=\"ez-toc-link ez-toc-heading-7\" href=\"https:\/\/www.foreo.com\/fr\/blog\/decouvrez-les-bienfaits-des-produits-foreo-decryptes-par-une-dermatologue\/#Traiter-tous-ses-petits-problemes-de-peau-tels-que-l%E2%80%99acne-la-rosacee-les-ridules-ou-le-manque-d%E2%80%99eclat\" title=\"Traiter tous ses petits probl\u00e8mes de peau tels que l\u2019acn\u00e9, la rosac\u00e9e, les ridules ou le manque d\u2019\u00e9clat\">Traiter tous ses petits probl\u00e8mes de peau tels que l\u2019acn\u00e9, la rosac\u00e9e, les ridules ou le manque d\u2019\u00e9clat<\/a><ul class='ez-toc-list-level-3'><li class='ez-toc-heading-level-3'><a class=\"ez-toc-link ez-toc-heading-8\" href=\"https:\/\/www.foreo.com\/fr\/blog\/decouvrez-les-bienfaits-des-produits-foreo-decryptes-par-une-dermatologue\/#Resoudre-ses-imperfections-grace-a-de-multiples-technologies-de-soin\" title=\"R\u00e9soudre ses imperfections gr\u00e2ce \u00e0 de multiples technologies de soin\">R\u00e9soudre ses imperfections gr\u00e2ce \u00e0 de multiples technologies de soin<\/a><\/li><li class='ez-toc-page-1 ez-toc-heading-level-3'><a class=\"ez-toc-link ez-toc-heading-9\" href=\"https:\/\/www.foreo.com\/fr\/blog\/decouvrez-les-bienfaits-des-produits-foreo-decryptes-par-une-dermatologue\/#Realiser-un-soin-spa-a-la-maison-grace-a-UFO%E2%84%A2-2\" title=\"R\u00e9aliser un soin spa \u00e0 la maison gr\u00e2ce \u00e0 UFO\u2122 2\">R\u00e9aliser un soin spa \u00e0 la maison gr\u00e2ce \u00e0 UFO\u2122 2<\/a><\/li><\/ul><\/li><li class='ez-toc-page-1 ez-toc-heading-level-2'><a class=\"ez-toc-link ez-toc-heading-10\" href=\"https:\/\/www.foreo.com\/fr\/blog\/decouvrez-les-bienfaits-des-produits-foreo-decryptes-par-une-dermatologue\/#Ecouter-son-Docteur\" title=\"\u00c9couter son Docteur\">\u00c9couter son Docteur<\/a><\/li><\/ul><\/nav><\/div>\n<h2><span class=\"ez-toc-section\" id=\"Nettoyer-sa-peau-efficacement-sans-l%E2%80%99irriter\"><\/span>Nettoyer sa peau efficacement sans l\u2019irriter<span class=\"ez-toc-section-end\"><\/span><\/h2>\n<h3><span class=\"ez-toc-section\" id=\"Bien-nettoyer-sa-peau-la-premiere-etape-indispensable-a-toute-routine-de-soins\"><\/span>Bien nettoyer sa peau : la premi\u00e8re \u00e9tape indispensable \u00e0 toute routine de soins<span class=\"ez-toc-section-end\"><\/span><\/h3>\n<p>Que votre peau soit s\u00e8che, normale, mixte, grasse ou sensible, <a href=\"https:\/\/www.foreo.com\/fr\/blog\/nettoyer-son-visage-notre-routine-pour-lessiver-sans-se-fatiguer\/\">se nettoyer le visage est une \u00e9tape fondamentale dans votre routine quotidienne<\/a> et ne devrait jamais \u00eatre n\u00e9glig\u00e9e. En effet, le nettoyage permet non seulement d\u2019\u00e9liminer les impuret\u00e9s et les salet\u00e9s qui s\u2019accumulent au fil de la journ\u00e9e, mais il permet aussi de se d\u00e9barrasser de l\u2019exc\u00e8s de s\u00e9bum qui obstrue les pores et favorise l\u2019apparition de points noirs et de boutons. Une peau obstru\u00e9e est une peau qui ne respire pas et qui ne b\u00e9n\u00e9ficie donc pas des principes actifs des soins qu\u2019on lui applique.<\/p>\n<p>Pour bien se nettoyer la peau, il n\u2019y a pas de secret : la r\u00e8gle n\u00b01 est d\u2019utiliser de bons produits. Il faut donc privil\u00e9gier un gel ou une mousse nettoyante adapt\u00e9e <a href=\"https:\/\/www.foreo.com\/fr\/blog\/le-type-de-peau-et-letat-de-la-peau-les-reconnaitre-pour-etre-bien-dedans\/\">\u00e0 son type de peau<\/a> mais \u00e9galement une brosse pour <a href=\"https:\/\/www.foreo.com\/fr\/blog\/nettoyer-desincruster-resserrer-nos-conseils-pour-arriver-a-bons-pores\/\">d\u00e9sincruster les pores en profondeur<\/a> car frotter avec les doigts n\u2019est en g\u00e9n\u00e9ral pas suffisant. Attention toutefois \u00e0 ne pas se tourner vers des brosses trop abrasives : celles dot\u00e9es de poils en nylon ont tendance \u00e0 irriter la peau, cr\u00e9ant ainsi des petites rougeurs chez les peaux sensibles et r\u00e9actives. Retenant assez facilement les bact\u00e9ries, elles peuvent aussi provoquer des \u00e9ruptions cutan\u00e9es.<\/p>\n<h3><span class=\"ez-toc-section\" id=\"LUNA%E2%84%A2-3-pour-un-nettoyage-en-douceur-et-en-profondeur\"><\/span>LUNA\u2122 3 pour un nettoyage en douceur et en profondeur<span class=\"ez-toc-section-end\"><\/span><\/h3>\n<div class=\"video-shortcode\"><iframe title=\"LUNA de FOREO : Avis d&#039;une Dermatologue\" width=\"1200\" height=\"675\" src=\"https:\/\/www.youtube.com\/embed\/L9eOb-w1Y6U?feature=oembed\" frameborder=\"0\" allow=\"accelerometer; autoplay; clipboard-write; encrypted-media; gyroscope; picture-in-picture\" allowfullscreen><\/iframe><\/div>\n<p>&nbsp;<\/p>\n<p>Pour un nettoyage respectueux de la peau, <a href=\"https:\/\/www.foreo.com\/fr\/luna-collection\">LUNA\u2122 3 de FOREO<\/a> est l\u2019appareil id\u00e9al en ceci qu\u2019elle \u00e9limine d\u00e9licatement et efficacement 99,5% des salet\u00e9s, des r\u00e9sidus de maquillage et des exc\u00e8s de s\u00e9bum. Son design en silicone antibact\u00e9rien permet de pallier <a href=\"https:\/\/www.foreo.com\/fr\/blog\/plongee-en-acne-tout-savoir-sur-cette-maladie-de-peau-pour-mieux-la-combattre\/\">l\u2019accumulation de bact\u00e9ries responsables de l\u2019acn\u00e9<\/a>, tandis que ses longs picots d\u00e9sincrustent les pores sans agresser la peau. 35x plus hygi\u00e9nique qu\u2019une brosse en nylon, elle se diff\u00e9rencie \u00e9galement par <a href=\"https:\/\/www.foreo.com\/fr\/blog\/les-pulsations-t-sonic-la-technologie-qui-prend-soin-de-votre-peau\/\">ses pulsations T-Sonic<\/a>, technologie signature de FOREO, que d\u00e9crypte le Dr Gaucher. La dermatologue explique ainsi que ces pulsations, qui stimulent la peau en douceur, permettent d\u2019en d\u00e9coller toutes les impuret\u00e9s pour un nettoyage optimal.<\/p>\n<p>Disponible en 4 mod\u00e8les (pour peaux mixtes, normales, sensibles et pour homme), LUNA\u2122 3 est la brosse nettoyante recommand\u00e9e pour bien d\u00e9buter sa routine de soins.<\/p>\n<div id=\"attachment_254\" style=\"width: 1210px\" class=\"wp-caption alignnone\"><a href=\"https:\/\/www.foreo.com\/fr\/luna-collection\" target=\"_blank\" rel=\"noopener\"><img decoding=\"async\" aria-describedby=\"caption-attachment-254\" class=\"wp-image-254 size-full\" src=\"https:\/\/www.foreo.com\/fr\/blog\/wp-content\/uploads\/2021\/05\/LUNA3-lifestyle-4.jpg\" alt=\"Nettoyer sa peau en profondeur avec LUNA 3 de FOREO\" width=\"1200\" height=\"1200\" srcset=\"https:\/\/www.foreo.com\/fr\/blog\/wp-content\/uploads\/2021\/05\/LUNA3-lifestyle-4-66x66.jpg 66w, https:\/\/www.foreo.com\/fr\/blog\/wp-content\/uploads\/2021\/05\/LUNA3-lifestyle-4-150x150.jpg 150w, https:\/\/www.foreo.com\/fr\/blog\/wp-content\/uploads\/2021\/05\/LUNA3-lifestyle-4-200x200.jpg 200w, https:\/\/www.foreo.com\/fr\/blog\/wp-content\/uploads\/2021\/05\/LUNA3-lifestyle-4-300x300.jpg 300w, https:\/\/www.foreo.com\/fr\/blog\/wp-content\/uploads\/2021\/05\/LUNA3-lifestyle-4-400x400.jpg 400w, https:\/\/www.foreo.com\/fr\/blog\/wp-content\/uploads\/2021\/05\/LUNA3-lifestyle-4-600x600.jpg 600w, https:\/\/www.foreo.com\/fr\/blog\/wp-content\/uploads\/2021\/05\/LUNA3-lifestyle-4-768x768.jpg 768w, https:\/\/www.foreo.com\/fr\/blog\/wp-content\/uploads\/2021\/05\/LUNA3-lifestyle-4-800x800.jpg 800w, https:\/\/www.foreo.com\/fr\/blog\/wp-content\/uploads\/2021\/05\/LUNA3-lifestyle-4-1024x1024.jpg 1024w, https:\/\/www.foreo.com\/fr\/blog\/wp-content\/uploads\/2021\/05\/LUNA3-lifestyle-4.jpg 1200w\" sizes=\"(max-width: 1200px) 100vw, 1200px\" \/><\/a><p id=\"caption-attachment-254\" class=\"wp-caption-text\"><a href=\"https:\/\/www.foreo.com\/fr\/luna-collection\">LUNA\u2122 3<\/a> nettoie la peau en profondeur et en douceur gr\u00e2ce \u00e0 ses pulsations T-Sonic permettant d\u2019\u00e9liminer 99,5% des impuret\u00e9s.<\/p><\/div>\n<h2><span class=\"ez-toc-section\" id=\"Rajeunir-sa-peau-en-la-raffermissant\"><\/span>Rajeunir sa peau en la raffermissant<span class=\"ez-toc-section-end\"><\/span><\/h2>\n<h3><span class=\"ez-toc-section\" id=\"Les-effets-du-temps-sur-la-peau\"><\/span>Les effets du temps sur la peau<span class=\"ez-toc-section-end\"><\/span><\/h3>\n<p>Au fil des ann\u00e9es, les effets du temps se font ressentir naturellement sur la peau qui produit de moins en moins de collag\u00e8ne et d\u2019\u00e9lastine. En r\u00e9sulte une peau moins rebondie, moins jeune, et <a href=\"https:\/\/www.foreo.com\/fr\/blog\/patte-doie-ride-du-lion-ou-du-lapin-ces-animaux-de-mauvaise-compagnie\/\">des rides qui se creusent particuli\u00e8rement au niveau des zones d\u2019expression du visage tels que les yeux, le contour de la bouche ou encore le front<\/a>. La peau de la m\u00e2choire est \u00e9galement plus rel\u00e2ch\u00e9e du fait de la gravit\u00e9.<\/p>\n<p>Si le vieillissement de la peau est un ph\u00e9nom\u00e8ne normal et in\u00e9vitable, <a href=\"https:\/\/www.foreo.com\/fr\/blog\/comprendre-le-vieillissement-cutane-pour-mieux-lui-faire-la-peau\/\">il est cependant parfois acc\u00e9l\u00e9r\u00e9 par des facteurs externes<\/a>. En t\u00eate de liste, on retrouve notamment une forte exposition aux UV (solaires ou artificiels), le stress, de mauvaises habitudes de vie et enfin l\u2019utilisation de mauvais produits pour la peau.<\/p>\n<p>Pour tenter de remonter le temps, beaucoup de personnes se sont tourn\u00e9es vers la chirurgie et la m\u00e9decine esth\u00e9tique afin de retrouver l\u2019\u00e9clat de leur jeunesse. Mais ces solutions sont douloureuses, non permanentes et tr\u00e8s co\u00fbteuses, puisqu\u2019il faut g\u00e9n\u00e9ralement renouveler les injections apr\u00e8s quelques mois ou ann\u00e9es pour un r\u00e9sultat optimal.<\/p>\n<h3><span class=\"ez-toc-section\" id=\"L%E2%80%99utilisation-de-BEAR%E2%84%A2-et-de-ses-micro-courants-pour-sculpter-et-tonifier-le-visage\"><\/span>L\u2019utilisation de BEAR\u2122 et de ses micro-courants pour sculpter et tonifier le visage<span class=\"ez-toc-section-end\"><\/span><\/h3>\n<div class=\"video-shortcode\"><iframe title=\"BEAR\u2122 de FOREO : Avis d&#039;une Dermatologue sur notre Appareil \u00e0 Micro-Courants\" width=\"1200\" height=\"675\" src=\"https:\/\/www.youtube.com\/embed\/3Eqsutcinr0?feature=oembed\" frameborder=\"0\" allow=\"accelerometer; autoplay; clipboard-write; encrypted-media; gyroscope; picture-in-picture\" allowfullscreen><\/iframe><\/div>\n<p>&nbsp;<\/p>\n<p>Si l\u2019on ne souhaite pas r\u00e9aliser des injections ou autres op\u00e9rations plus lourdes et on\u00e9reuses, il est tout \u00e0 fait possible d\u2019opter pour des solutions non invasives qui aident \u00e0 lutter contre les effets du temps. <a href=\"https:\/\/www.foreo.com\/fr\/bear-collection\">BEAR\u2122 de FOREO<\/a> est justement l\u2019un de ces appareils qui permettent de lisser les rides et ridules <a href=\"https:\/\/www.foreo.com\/fr\/blog\/7-etapes-de-musculation-pour-une-peau-du-visage-et-du-cou-en-beton\/\">tout en raffermissant la peau gr\u00e2ce \u00e0 sa technologie de micro-courants<\/a>. <a href=\"https:\/\/www.foreo.com\/fr\/blog\/le-micro-courant-ou-la-fontaine-de-jouvence-par-electrostimulation\/\">Les micro-courants sont des petites \u00e9lectrostimulations<\/a> qui boostent la production de collag\u00e8ne et d\u2019\u00e9lastine pour tonifier les plus de 65 muscles du visage et du cou et sculpter la peau.<\/p>\n<p>Le Dr Gaucher insiste sur l\u2019aspect progressif mais s\u2019inscrivant dans la dur\u00e9e de ces micro-courants, technique d\u00e9riv\u00e9e de la radiofr\u00e9quence qu\u2019elle utilise dans son propre cabinet. En effet, en utilisant BEAR\u2122 tous les jours pendant trois minutes, la peau est visiblement plus rebondie et les rides sont comme liss\u00e9es &#8211; comme avec le sport, c\u2019est la rigueur qui compte pour des r\u00e9sultats optimaux !<\/p>\n<div id=\"attachment_246\" style=\"width: 1210px\" class=\"wp-caption alignnone\"><a href=\"https:\/\/www.foreo.com\/fr\/bear-collection\" target=\"_blank\" rel=\"noopener\"><img decoding=\"async\" aria-describedby=\"caption-attachment-246\" class=\"wp-image-246 size-full\" src=\"https:\/\/www.foreo.com\/fr\/blog\/wp-content\/uploads\/2021\/05\/BEAR-mint-lifestyle-3.jpg\" alt=\"BEAR, appareil \u00e0 micro-courants\" width=\"1200\" height=\"1200\" srcset=\"https:\/\/www.foreo.com\/fr\/blog\/wp-content\/uploads\/2021\/05\/BEAR-mint-lifestyle-3-66x66.jpg 66w, https:\/\/www.foreo.com\/fr\/blog\/wp-content\/uploads\/2021\/05\/BEAR-mint-lifestyle-3-150x150.jpg 150w, https:\/\/www.foreo.com\/fr\/blog\/wp-content\/uploads\/2021\/05\/BEAR-mint-lifestyle-3-200x200.jpg 200w, https:\/\/www.foreo.com\/fr\/blog\/wp-content\/uploads\/2021\/05\/BEAR-mint-lifestyle-3-300x300.jpg 300w, https:\/\/www.foreo.com\/fr\/blog\/wp-content\/uploads\/2021\/05\/BEAR-mint-lifestyle-3-400x400.jpg 400w, https:\/\/www.foreo.com\/fr\/blog\/wp-content\/uploads\/2021\/05\/BEAR-mint-lifestyle-3-600x600.jpg 600w, https:\/\/www.foreo.com\/fr\/blog\/wp-content\/uploads\/2021\/05\/BEAR-mint-lifestyle-3-768x768.jpg 768w, https:\/\/www.foreo.com\/fr\/blog\/wp-content\/uploads\/2021\/05\/BEAR-mint-lifestyle-3-800x800.jpg 800w, https:\/\/www.foreo.com\/fr\/blog\/wp-content\/uploads\/2021\/05\/BEAR-mint-lifestyle-3-1024x1024.jpg 1024w, https:\/\/www.foreo.com\/fr\/blog\/wp-content\/uploads\/2021\/05\/BEAR-mint-lifestyle-3.jpg 1200w\" sizes=\"(max-width: 1200px) 100vw, 1200px\" \/><\/a><p id=\"caption-attachment-246\" class=\"wp-caption-text\">D\u00e9riv\u00e9s de la radio-fr\u00e9quence propos\u00e9e par le Dr Gaucher dans son cabinet, <a href=\"https:\/\/www.foreo.com\/fr\/bear-collection\">BEAR\u2122<\/a> et ses micro-courants raffermissent les muscles du visage pour une peau plus ferme et plus lisse<\/p><\/div>\n<h2><span class=\"ez-toc-section\" id=\"Traiter-tous-ses-petits-problemes-de-peau-tels-que-l%E2%80%99acne-la-rosacee-les-ridules-ou-le-manque-d%E2%80%99eclat\"><\/span>Traiter tous ses petits probl\u00e8mes de peau tels que l\u2019acn\u00e9, la rosac\u00e9e, les ridules ou le manque d\u2019\u00e9clat<span class=\"ez-toc-section-end\"><\/span><\/h2>\n<h3><span class=\"ez-toc-section\" id=\"Resoudre-ses-imperfections-grace-a-de-multiples-technologies-de-soin\"><\/span>R\u00e9soudre ses imperfections gr\u00e2ce \u00e0 de multiples technologies de soin<span class=\"ez-toc-section-end\"><\/span><\/h3>\n<p>Chaque peau a ses petites imperfections : qu\u2019il s\u2019agisse de pr\u00e9occupations chroniques (telles que les rides, le <a href=\"https:\/\/www.foreo.com\/fr\/blog\/vivre-avec-le-psoriasis-en-faisant-la-peau-a-ses-symptomes\/\">psoriasis<\/a>, l\u2019<a href=\"https:\/\/www.foreo.com\/fr\/blog\/leczema-a-la-loupe-ou-lart-de-connaitre-lennemi-pour-mieux-lui-faire-la-peau\/\">ecz\u00e9ma<\/a>\u2026) ou ponctuelles (comme les boutons ou les inflammations), ceux-ci peuvent \u00eatre trait\u00e9s ou du moins apais\u00e9s par une bonne routine de soins, \u00e0 condition de choisir des produits adapt\u00e9s.<\/p>\n<p>Pour cibler des probl\u00e8mes de peau en particulier, rien ne vaut <a href=\"https:\/\/www.foreo.com\/fr\/blog\/luminotherapie-decouvrez-tous-les-bienfaits-de-la-lumiere-led-pour-votre-peau\/\">la luminoth\u00e9rapie<\/a> selon le Dr Gaucher : cette technologie de plus en plus r\u00e9pandue est propos\u00e9e dans de nombreux instituts et permet de soigner l\u2019acn\u00e9, l\u2019ecz\u00e9ma, de <a href=\"https:\/\/www.foreo.com\/fr\/blog\/contre-le-teint-terne-nos-gris-gris-anti-grise-mine\/\">redonner de l\u2019\u00e9clat \u00e0 la peau<\/a> ou encore d\u2019en lisser les ridules gr\u00e2ce \u00e0 l\u2019action de lumi\u00e8res LED qui <a href=\"https:\/\/www.foreo.com\/fr\/blog\/booster-le-collagene-et-lelastine-astuces-pour-un-derme-ferme-et-une-peau-souple\/\">boostent la production de collag\u00e8ne et d\u2019\u00e9lastine<\/a> ou tuent les bact\u00e9ries responsables des \u00e9ruptions cutan\u00e9es par exemple.<\/p>\n<p>La cryoth\u00e9rapie et la thermoth\u00e9rapie font \u00e9galement partie des soins phares propos\u00e9s par les professionnels pour am\u00e9liorer la qualit\u00e9 de la peau en d\u00e9congestionnant et en favorisant la circulation sanguine par l\u2019action de changement de temp\u00e9rature agissant sur les petits vaisseaux.<\/p>\n<h3><span class=\"ez-toc-section\" id=\"Realiser-un-soin-spa-a-la-maison-grace-a-UFO%E2%84%A2-2\"><\/span>R\u00e9aliser un soin spa \u00e0 la maison gr\u00e2ce \u00e0 UFO\u2122 2<span class=\"ez-toc-section-end\"><\/span><\/h3>\n<div class=\"video-shortcode\"><iframe title=\"UFO\u2122 de FOREO : Avis d&#039;une Dermatologue\" width=\"1200\" height=\"675\" src=\"https:\/\/www.youtube.com\/embed\/rFscEUirfLE?feature=oembed\" frameborder=\"0\" allow=\"accelerometer; autoplay; clipboard-write; encrypted-media; gyroscope; picture-in-picture\" allowfullscreen><\/iframe><\/div>\n<p>&nbsp;<\/p>\n<p><a href=\"https:\/\/www.foreo.com\/fr\/ufo-collection\">UFO\u2122 2<\/a>, le boosteur de soins premium sign\u00e9 FOREO, r\u00e9unit ces trois technologies en y ajoutant des pulsations T-Sonic pour une v\u00e9ritable routine spa \u00e0 la maison en seulement 90 secondes. Gr\u00e2ce \u00e0 son spectre LED complet, ce petit appareil tenant dans le creux de la main cible de nombreux probl\u00e8mes de peaux au quotidien ou de fa\u00e7on plus ponctuelle : il peut \u00eatre utilis\u00e9 tous les jours avec une cr\u00e8me hydratante ou <a href=\"https:\/\/www.foreo.com\/fr\/serum-serum-serum?v=1592\">un s\u00e9rum<\/a> pour en d\u00e9multiplier les bienfaits, ou deux \u00e0 trois fois par semaine avec <a href=\"https:\/\/www.foreo.com\/fr\/ufo-mask-range\">un masque Power Actif<\/a> pour cibler une pr\u00e9occupation cutan\u00e9e sp\u00e9cifique. Son action hydratante repulpe et r\u00e9g\u00e9n\u00e8re la peau en profondeur pour un visage radieux, comme en sortant d\u2019un soin en institut professionnel.<\/p>\n<div id=\"attachment_361\" style=\"width: 1210px\" class=\"wp-caption alignnone\"><a href=\"https:\/\/www.foreo.com\/fr\/ufo-collection\" target=\"_blank\" rel=\"noopener\"><img decoding=\"async\" aria-describedby=\"caption-attachment-361\" class=\"wp-image-361 size-full\" src=\"https:\/\/www.foreo.com\/fr\/blog\/wp-content\/uploads\/2021\/05\/UFO-2-lifestyle-4.jpg\" alt=\"UFO2 de FOREO\" width=\"1200\" height=\"1200\" srcset=\"https:\/\/www.foreo.com\/fr\/blog\/wp-content\/uploads\/2021\/05\/UFO-2-lifestyle-4-66x66.jpg 66w, https:\/\/www.foreo.com\/fr\/blog\/wp-content\/uploads\/2021\/05\/UFO-2-lifestyle-4-150x150.jpg 150w, https:\/\/www.foreo.com\/fr\/blog\/wp-content\/uploads\/2021\/05\/UFO-2-lifestyle-4-200x200.jpg 200w, https:\/\/www.foreo.com\/fr\/blog\/wp-content\/uploads\/2021\/05\/UFO-2-lifestyle-4-300x300.jpg 300w, https:\/\/www.foreo.com\/fr\/blog\/wp-content\/uploads\/2021\/05\/UFO-2-lifestyle-4-400x400.jpg 400w, https:\/\/www.foreo.com\/fr\/blog\/wp-content\/uploads\/2021\/05\/UFO-2-lifestyle-4-600x600.jpg 600w, https:\/\/www.foreo.com\/fr\/blog\/wp-content\/uploads\/2021\/05\/UFO-2-lifestyle-4-768x768.jpg 768w, https:\/\/www.foreo.com\/fr\/blog\/wp-content\/uploads\/2021\/05\/UFO-2-lifestyle-4-800x800.jpg 800w, https:\/\/www.foreo.com\/fr\/blog\/wp-content\/uploads\/2021\/05\/UFO-2-lifestyle-4-1024x1024.jpg 1024w, https:\/\/www.foreo.com\/fr\/blog\/wp-content\/uploads\/2021\/05\/UFO-2-lifestyle-4.jpg 1200w\" sizes=\"(max-width: 1200px) 100vw, 1200px\" \/><\/a><p id=\"caption-attachment-361\" class=\"wp-caption-text\"><a href=\"https:\/\/www.foreo.com\/fr\/ufo-collection\">UFO\u2122 2<\/a> vous permet de r\u00e9aliser un soin spa \u00e0 la maison gr\u00e2ce \u00e0 ses technologies de qualit\u00e9 professionnelle<\/p><\/div>\n<h2><span class=\"ez-toc-section\" id=\"Ecouter-son-Docteur\"><\/span>\u00c9couter son Docteur<span class=\"ez-toc-section-end\"><\/span><\/h2>\n<p>Opter pour une routine conseill\u00e9e par une dermatologue est non seulement la mani\u00e8re la plus s\u00fbre et la plus optimale de prendre soin de sa peau, mais c\u2019est aussi une fa\u00e7on de pr\u00e9venir les probl\u00e8mes cutan\u00e9s avant m\u00eame qu\u2019ils n&rsquo;apparaissent. Qu\u2019il s&rsquo;agisse de boutons ou encore de rides, se servir des bons produits est la meilleure fa\u00e7on de les \u00e9viter ! Et comme dit le dicton, mieux vaut pr\u00e9venir que gu\u00e9rir !<\/p>\n","protected":false},"excerpt":{"rendered":"<p>Pour avoir une peau en bonne sant\u00e9, rien n\u2019est plus important que de se cr\u00e9er une routine de soin adapt\u00e9e et d\u2019utiliser des produits de bonne qualit\u00e9. Qu\u2019il s\u2019agisse de [&hellip;]<\/p>\n","protected":false},"author":1001,"featured_media":2075,"comment_status":"open","ping_status":"closed","sticky":false,"template":"","format":"standard","meta":{"footnotes":""},"categories":[9],"tags":[76,29,38,51,37,45,17,8],"class_list":["post-2072","post","type-post","status-publish","format-standard","has-post-thumbnail","hentry","category-nos-produits","tag-acne","tag-bear","tag-collagene","tag-luna-3","tag-micro-courants","tag-nettoyage-du-visage","tag-rides-et-ridules","tag-ufo-2"],"yoast_head":"<!-- This site is optimized with the Yoast SEO plugin v20.6 - https:\/\/yoast.com\/wordpress\/plugins\/seo\/ -->\n<title>L\u2019Avis d\u2019une Dermatologue sur les Produits FOREO<\/title>\n<meta name=\"description\" content=\"Prendre soin de sa peau avec des appareils recommand\u00e9s par une dermatologue, c&#039;est toujours mieux ! D\u00e9couvrez l&#039;avis du Dr Gaucher sur la routine FOREO\" \/>\n<meta name=\"robots\" content=\"index, follow, max-snippet:-1, max-image-preview:large, max-video-preview:-1\" \/>\n<link rel=\"canonical\" href=\"https:\/\/www.foreo.com\/fr\/blog\/decouvrez-les-bienfaits-des-produits-foreo-decryptes-par-une-dermatologue\/\" \/>\n<meta property=\"og:locale\" content=\"fr_FR\" \/>\n<meta property=\"og:type\" content=\"article\" \/>\n<meta property=\"og:title\" content=\"L\u2019Avis d\u2019une Dermatologue sur les Produits FOREO\" \/>\n<meta property=\"og:description\" content=\"Prendre soin de sa peau avec des appareils recommand\u00e9s par une dermatologue, c&#039;est toujours mieux ! D\u00e9couvrez l&#039;avis du Dr Gaucher sur la routine FOREO\" \/>\n<meta property=\"og:url\" content=\"https:\/\/www.foreo.com\/fr\/blog\/decouvrez-les-bienfaits-des-produits-foreo-decryptes-par-une-dermatologue\/\" \/>\n<meta property=\"og:site_name\" content=\"MYSA\" \/>\n<meta property=\"article:publisher\" content=\"https:\/\/www.facebook.com\/FOREOFrance\/\" \/>\n<meta property=\"article:published_time\" content=\"2022-06-01T09:37:06+00:00\" \/>\n<meta property=\"og:image\" content=\"https:\/\/www.foreo.com\/fr\/blog\/wp-content\/uploads\/2022\/06\/Les-produits-FOREO-acclame\u0301s-par-les-dermatologues.jpg\" \/>\n\t<meta property=\"og:image:width\" content=\"1200\" \/>\n\t<meta property=\"og:image:height\" content=\"675\" \/>\n\t<meta property=\"og:image:type\" content=\"image\/jpeg\" \/>\n<meta name=\"author\" content=\"Lise Garcia\" \/>\n<meta name=\"twitter:card\" content=\"summary_large_image\" \/>\n<meta name=\"twitter:label1\" content=\"\u00c9crit par\" \/>\n\t<meta name=\"twitter:data1\" content=\"Lise Garcia\" \/>\n\t<meta name=\"twitter:label2\" content=\"Dur\u00e9e de lecture estim\u00e9e\" \/>\n\t<meta name=\"twitter:data2\" content=\"7 minutes\" \/>\n<script type=\"application\/ld+json\" class=\"yoast-schema-graph\">{\"@context\":\"https:\/\/schema.org\",\"@graph\":[{\"@type\":[\"Article\",\"BlogPosting\"],\"@id\":\"https:\/\/www.foreo.com\/fr\/blog\/decouvrez-les-bienfaits-des-produits-foreo-decryptes-par-une-dermatologue\/#article\",\"isPartOf\":{\"@id\":\"https:\/\/www.foreo.com\/fr\/blog\/decouvrez-les-bienfaits-des-produits-foreo-decryptes-par-une-dermatologue\/\"},\"author\":{\"name\":\"Lise Garcia\",\"@id\":\"https:\/\/www.foreo.com\/fr\/blog\/#\/schema\/person\/f9ad8944c80b773bbc9e3acb20b1b17c\"},\"headline\":\"D\u00e9couvrez les Bienfaits des Produits FOREO D\u00e9crypt\u00e9s par une Dermatologue\",\"datePublished\":\"2022-06-01T09:37:06+00:00\",\"dateModified\":\"2022-06-01T09:37:06+00:00\",\"mainEntityOfPage\":{\"@id\":\"https:\/\/www.foreo.com\/fr\/blog\/decouvrez-les-bienfaits-des-produits-foreo-decryptes-par-une-dermatologue\/\"},\"wordCount\":1511,\"commentCount\":4,\"publisher\":{\"@id\":\"https:\/\/www.foreo.com\/fr\/blog\/#organization\"},\"keywords\":[\"Acn\u00e9\",\"BEAR\",\"Collag\u00e8ne\",\"LUNA 3\",\"Micro-courants\",\"Nettoyage du visage\",\"Rides et ridules\",\"UFO 2\"],\"articleSection\":[\"Nos Produits\"],\"inLanguage\":\"fr-FR\",\"potentialAction\":[{\"@type\":\"CommentAction\",\"name\":\"Comment\",\"target\":[\"https:\/\/www.foreo.com\/fr\/blog\/decouvrez-les-bienfaits-des-produits-foreo-decryptes-par-une-dermatologue\/#respond\"]}]},{\"@type\":\"WebPage\",\"@id\":\"https:\/\/www.foreo.com\/fr\/blog\/decouvrez-les-bienfaits-des-produits-foreo-decryptes-par-une-dermatologue\/\",\"url\":\"https:\/\/www.foreo.com\/fr\/blog\/decouvrez-les-bienfaits-des-produits-foreo-decryptes-par-une-dermatologue\/\",\"name\":\"L\u2019Avis d\u2019une Dermatologue sur les Produits FOREO\",\"isPartOf\":{\"@id\":\"https:\/\/www.foreo.com\/fr\/blog\/#website\"},\"datePublished\":\"2022-06-01T09:37:06+00:00\",\"dateModified\":\"2022-06-01T09:37:06+00:00\",\"description\":\"Prendre soin de sa peau avec des appareils recommand\u00e9s par une dermatologue, c'est toujours mieux ! D\u00e9couvrez l'avis du Dr Gaucher sur la routine FOREO\",\"breadcrumb\":{\"@id\":\"https:\/\/www.foreo.com\/fr\/blog\/decouvrez-les-bienfaits-des-produits-foreo-decryptes-par-une-dermatologue\/#breadcrumb\"},\"inLanguage\":\"fr-FR\",\"potentialAction\":[{\"@type\":\"ReadAction\",\"target\":[\"https:\/\/www.foreo.com\/fr\/blog\/decouvrez-les-bienfaits-des-produits-foreo-decryptes-par-une-dermatologue\/\"]}]},{\"@type\":\"BreadcrumbList\",\"@id\":\"https:\/\/www.foreo.com\/fr\/blog\/decouvrez-les-bienfaits-des-produits-foreo-decryptes-par-une-dermatologue\/#breadcrumb\",\"itemListElement\":[{\"@type\":\"ListItem\",\"position\":1,\"name\":\"BLOG\",\"item\":\"https:\/\/www.foreo.com\/fr\/blog\/\"},{\"@type\":\"ListItem\",\"position\":2,\"name\":\"NEWS DE FOREO\",\"item\":\"https:\/\/www.foreo.com\/fr\/blog\/news-de-foreo\/\"},{\"@type\":\"ListItem\",\"position\":3,\"name\":\"Nos Produits\",\"item\":\"https:\/\/www.foreo.com\/fr\/blog\/news-de-foreo\/nos-produits\/\"},{\"@type\":\"ListItem\",\"position\":4,\"name\":\"D\u00e9couvrez les Bienfaits des Produits FOREO D\u00e9crypt\u00e9s par une Dermatologue\"}]},{\"@type\":\"WebSite\",\"@id\":\"https:\/\/www.foreo.com\/fr\/blog\/#website\",\"url\":\"https:\/\/www.foreo.com\/fr\/blog\/\",\"name\":\"MYSA\",\"description\":\"Le Blog de FOREO\",\"publisher\":{\"@id\":\"https:\/\/www.foreo.com\/fr\/blog\/#organization\"},\"potentialAction\":[{\"@type\":\"SearchAction\",\"target\":{\"@type\":\"EntryPoint\",\"urlTemplate\":\"https:\/\/www.foreo.com\/fr\/blog\/?s={search_term_string}\"},\"query-input\":\"required name=search_term_string\"}],\"inLanguage\":\"fr-FR\"},{\"@type\":\"Organization\",\"@id\":\"https:\/\/www.foreo.com\/fr\/blog\/#organization\",\"name\":\"MYSA de FOREO\",\"url\":\"https:\/\/www.foreo.com\/fr\/blog\/\",\"logo\":{\"@type\":\"ImageObject\",\"inLanguage\":\"fr-FR\",\"@id\":\"https:\/\/www.foreo.com\/fr\/blog\/#\/schema\/logo\/image\/\",\"url\":\"https:\/\/www.foreo.com\/fr\/blog\/wp-content\/uploads\/2022\/02\/mysa-logo-w-quote-france-re\u0301seaux-sociaux.jpg\",\"contentUrl\":\"https:\/\/www.foreo.com\/fr\/blog\/wp-content\/uploads\/2022\/02\/mysa-logo-w-quote-france-re\u0301seaux-sociaux.jpg\",\"width\":2500,\"height\":1312,\"caption\":\"MYSA de FOREO\"},\"image\":{\"@id\":\"https:\/\/www.foreo.com\/fr\/blog\/#\/schema\/logo\/image\/\"},\"sameAs\":[\"https:\/\/www.facebook.com\/FOREOFrance\/\",\"https:\/\/www.instagram.com\/foreo_france\/\",\"https:\/\/www.youtube.com\/playlist?list=PLvV6UceMUecxDg_AKB3YXDjmkeASETQcw\"]},{\"@type\":\"Person\",\"@id\":\"https:\/\/www.foreo.com\/fr\/blog\/#\/schema\/person\/f9ad8944c80b773bbc9e3acb20b1b17c\",\"name\":\"Lise Garcia\",\"image\":{\"@type\":\"ImageObject\",\"inLanguage\":\"fr-FR\",\"@id\":\"https:\/\/www.foreo.com\/fr\/blog\/#\/schema\/person\/image\/\",\"url\":\"https:\/\/secure.gravatar.com\/avatar\/1d195793dee60dd825f6f59b695d2880f34c2d506bf12f6d9734497548c307e1?s=96&d=mm&r=pg\",\"contentUrl\":\"https:\/\/secure.gravatar.com\/avatar\/1d195793dee60dd825f6f59b695d2880f34c2d506bf12f6d9734497548c307e1?s=96&d=mm&r=pg\",\"caption\":\"Lise Garcia\"},\"description\":\"Passionn\u00e9e de nouvelles technologies, j'ai la chance depuis maintenant 4 ans de travailler pour l'entreprise de beautyTech FOREO. Au-del\u00e0 de mon poste en Marketing, j'ai l'opportunit\u00e9 de r\u00e9diger des articles de blog gr\u00e2ce \u00e0 ma parfaite connaissance de nos appareils et de leurs caract\u00e9ristiques, ainsi qu'\u00e0 la veille que j'effectue chaque semaine concernant le secteur de la beaut\u00e9 et ses technologies. Partager mes connaissances pour pr\u00e9senter nos appareils et leurs fonctionnalit\u00e9s \u00e0 nos lecteurs et am\u00e9liorer leur routine de soin est une activit\u00e9 qui me stimule et que j'adore !\",\"sameAs\":[\"https:\/\/www.foreo.com\/fr\/blog\/author\/lisegarcia\/\"],\"url\":\"https:\/\/www.foreo.com\/fr\/blog\/author\/lisegarcia\/\"}]}<\/script>\n<!-- \/ Yoast SEO plugin. -->","yoast_head_json":{"title":"L\u2019Avis d\u2019une Dermatologue sur les Produits FOREO","description":"Prendre soin de sa peau avec des appareils recommand\u00e9s par une dermatologue, c'est toujours mieux ! D\u00e9couvrez l'avis du Dr Gaucher sur la routine FOREO","robots":{"index":"index","follow":"follow","max-snippet":"max-snippet:-1","max-image-preview":"max-image-preview:large","max-video-preview":"max-video-preview:-1"},"canonical":"https:\/\/www.foreo.com\/fr\/blog\/decouvrez-les-bienfaits-des-produits-foreo-decryptes-par-une-dermatologue\/","og_locale":"fr_FR","og_type":"article","og_title":"L\u2019Avis d\u2019une Dermatologue sur les Produits FOREO","og_description":"Prendre soin de sa peau avec des appareils recommand\u00e9s par une dermatologue, c'est toujours mieux ! D\u00e9couvrez l'avis du Dr Gaucher sur la routine FOREO","og_url":"https:\/\/www.foreo.com\/fr\/blog\/decouvrez-les-bienfaits-des-produits-foreo-decryptes-par-une-dermatologue\/","og_site_name":"MYSA","article_publisher":"https:\/\/www.facebook.com\/FOREOFrance\/","article_published_time":"2022-06-01T09:37:06+00:00","og_image":[{"width":1200,"height":675,"url":"https:\/\/www.foreo.com\/fr\/blog\/wp-content\/uploads\/2022\/06\/Les-produits-FOREO-acclame\u0301s-par-les-dermatologues.jpg","type":"image\/jpeg"}],"author":"Lise Garcia","twitter_card":"summary_large_image","twitter_misc":{"\u00c9crit par":"Lise Garcia","Dur\u00e9e de lecture estim\u00e9e":"7 minutes"},"schema":{"@context":"https:\/\/schema.org","@graph":[{"@type":["Article","BlogPosting"],"@id":"https:\/\/www.foreo.com\/fr\/blog\/decouvrez-les-bienfaits-des-produits-foreo-decryptes-par-une-dermatologue\/#article","isPartOf":{"@id":"https:\/\/www.foreo.com\/fr\/blog\/decouvrez-les-bienfaits-des-produits-foreo-decryptes-par-une-dermatologue\/"},"author":{"name":"Lise Garcia","@id":"https:\/\/www.foreo.com\/fr\/blog\/#\/schema\/person\/f9ad8944c80b773bbc9e3acb20b1b17c"},"headline":"D\u00e9couvrez les Bienfaits des Produits FOREO D\u00e9crypt\u00e9s par une Dermatologue","datePublished":"2022-06-01T09:37:06+00:00","dateModified":"2022-06-01T09:37:06+00:00","mainEntityOfPage":{"@id":"https:\/\/www.foreo.com\/fr\/blog\/decouvrez-les-bienfaits-des-produits-foreo-decryptes-par-une-dermatologue\/"},"wordCount":1511,"commentCount":4,"publisher":{"@id":"https:\/\/www.foreo.com\/fr\/blog\/#organization"},"keywords":["Acn\u00e9","BEAR","Collag\u00e8ne","LUNA 3","Micro-courants","Nettoyage du visage","Rides et ridules","UFO 2"],"articleSection":["Nos Produits"],"inLanguage":"fr-FR","potentialAction":[{"@type":"CommentAction","name":"Comment","target":["https:\/\/www.foreo.com\/fr\/blog\/decouvrez-les-bienfaits-des-produits-foreo-decryptes-par-une-dermatologue\/#respond"]}]},{"@type":"WebPage","@id":"https:\/\/www.foreo.com\/fr\/blog\/decouvrez-les-bienfaits-des-produits-foreo-decryptes-par-une-dermatologue\/","url":"https:\/\/www.foreo.com\/fr\/blog\/decouvrez-les-bienfaits-des-produits-foreo-decryptes-par-une-dermatologue\/","name":"L\u2019Avis d\u2019une Dermatologue sur les Produits FOREO","isPartOf":{"@id":"https:\/\/www.foreo.com\/fr\/blog\/#website"},"datePublished":"2022-06-01T09:37:06+00:00","dateModified":"2022-06-01T09:37:06+00:00","description":"Prendre soin de sa peau avec des appareils recommand\u00e9s par une dermatologue, c'est toujours mieux ! D\u00e9couvrez l'avis du Dr Gaucher sur la routine FOREO","breadcrumb":{"@id":"https:\/\/www.foreo.com\/fr\/blog\/decouvrez-les-bienfaits-des-produits-foreo-decryptes-par-une-dermatologue\/#breadcrumb"},"inLanguage":"fr-FR","potentialAction":[{"@type":"ReadAction","target":["https:\/\/www.foreo.com\/fr\/blog\/decouvrez-les-bienfaits-des-produits-foreo-decryptes-par-une-dermatologue\/"]}]},{"@type":"BreadcrumbList","@id":"https:\/\/www.foreo.com\/fr\/blog\/decouvrez-les-bienfaits-des-produits-foreo-decryptes-par-une-dermatologue\/#breadcrumb","itemListElement":[{"@type":"ListItem","position":1,"name":"BLOG","item":"https:\/\/www.foreo.com\/fr\/blog\/"},{"@type":"ListItem","position":2,"name":"NEWS DE FOREO","item":"https:\/\/www.foreo.com\/fr\/blog\/news-de-foreo\/"},{"@type":"ListItem","position":3,"name":"Nos Produits","item":"https:\/\/www.foreo.com\/fr\/blog\/news-de-foreo\/nos-produits\/"},{"@type":"ListItem","position":4,"name":"D\u00e9couvrez les Bienfaits des Produits FOREO D\u00e9crypt\u00e9s par une Dermatologue"}]},{"@type":"WebSite","@id":"https:\/\/www.foreo.com\/fr\/blog\/#website","url":"https:\/\/www.foreo.com\/fr\/blog\/","name":"MYSA","description":"Le Blog de FOREO","publisher":{"@id":"https:\/\/www.foreo.com\/fr\/blog\/#organization"},"potentialAction":[{"@type":"SearchAction","target":{"@type":"EntryPoint","urlTemplate":"https:\/\/www.foreo.com\/fr\/blog\/?s={search_term_string}"},"query-input":"required name=search_term_string"}],"inLanguage":"fr-FR"},{"@type":"Organization","@id":"https:\/\/www.foreo.com\/fr\/blog\/#organization","name":"MYSA de FOREO","url":"https:\/\/www.foreo.com\/fr\/blog\/","logo":{"@type":"ImageObject","inLanguage":"fr-FR","@id":"https:\/\/www.foreo.com\/fr\/blog\/#\/schema\/logo\/image\/","url":"https:\/\/www.foreo.com\/fr\/blog\/wp-content\/uploads\/2022\/02\/mysa-logo-w-quote-france-re\u0301seaux-sociaux.jpg","contentUrl":"https:\/\/www.foreo.com\/fr\/blog\/wp-content\/uploads\/2022\/02\/mysa-logo-w-quote-france-re\u0301seaux-sociaux.jpg","width":2500,"height":1312,"caption":"MYSA de FOREO"},"image":{"@id":"https:\/\/www.foreo.com\/fr\/blog\/#\/schema\/logo\/image\/"},"sameAs":["https:\/\/www.facebook.com\/FOREOFrance\/","https:\/\/www.instagram.com\/foreo_france\/","https:\/\/www.youtube.com\/playlist?list=PLvV6UceMUecxDg_AKB3YXDjmkeASETQcw"]},{"@type":"Person","@id":"https:\/\/www.foreo.com\/fr\/blog\/#\/schema\/person\/f9ad8944c80b773bbc9e3acb20b1b17c","name":"Lise Garcia","image":{"@type":"ImageObject","inLanguage":"fr-FR","@id":"https:\/\/www.foreo.com\/fr\/blog\/#\/schema\/person\/image\/","url":"https:\/\/secure.gravatar.com\/avatar\/1d195793dee60dd825f6f59b695d2880f34c2d506bf12f6d9734497548c307e1?s=96&d=mm&r=pg","contentUrl":"https:\/\/secure.gravatar.com\/avatar\/1d195793dee60dd825f6f59b695d2880f34c2d506bf12f6d9734497548c307e1?s=96&d=mm&r=pg","caption":"Lise Garcia"},"description":"Passionn\u00e9e de nouvelles technologies, j'ai la chance depuis maintenant 4 ans de travailler pour l'entreprise de beautyTech FOREO. Au-del\u00e0 de mon poste en Marketing, j'ai l'opportunit\u00e9 de r\u00e9diger des articles de blog gr\u00e2ce \u00e0 ma parfaite connaissance de nos appareils et de leurs caract\u00e9ristiques, ainsi qu'\u00e0 la veille que j'effectue chaque semaine concernant le secteur de la beaut\u00e9 et ses technologies. Partager mes connaissances pour pr\u00e9senter nos appareils et leurs fonctionnalit\u00e9s \u00e0 nos lecteurs et am\u00e9liorer leur routine de soin est une activit\u00e9 qui me stimule et que j'adore !","sameAs":["https:\/\/www.foreo.com\/fr\/blog\/author\/lisegarcia\/"],"url":"https:\/\/www.foreo.com\/fr\/blog\/author\/lisegarcia\/"}]}},"_links":{"self":[{"href":"https:\/\/www.foreo.com\/fr\/blog\/wp-json\/wp\/v2\/posts\/2072","targetHints":{"allow":["GET"]}}],"collection":[{"href":"https:\/\/www.foreo.com\/fr\/blog\/wp-json\/wp\/v2\/posts"}],"about":[{"href":"https:\/\/www.foreo.com\/fr\/blog\/wp-json\/wp\/v2\/types\/post"}],"author":[{"embeddable":true,"href":"https:\/\/www.foreo.com\/fr\/blog\/wp-json\/wp\/v2\/users\/1001"}],"replies":[{"embeddable":true,"href":"https:\/\/www.foreo.com\/fr\/blog\/wp-json\/wp\/v2\/comments?post=2072"}],"version-history":[{"count":3,"href":"https:\/\/www.foreo.com\/fr\/blog\/wp-json\/wp\/v2\/posts\/2072\/revisions"}],"predecessor-version":[{"id":2076,"href":"https:\/\/www.foreo.com\/fr\/blog\/wp-json\/wp\/v2\/posts\/2072\/revisions\/2076"}],"wp:featuredmedia":[{"embeddable":true,"href":"https:\/\/www.foreo.com\/fr\/blog\/wp-json\/wp\/v2\/media\/2075"}],"wp:attachment":[{"href":"https:\/\/www.foreo.com\/fr\/blog\/wp-json\/wp\/v2\/media?parent=2072"}],"wp:term":[{"taxonomy":"category","embeddable":true,"href":"https:\/\/www.foreo.com\/fr\/blog\/wp-json\/wp\/v2\/categories?post=2072"},{"taxonomy":"post_tag","embeddable":true,"href":"https:\/\/www.foreo.com\/fr\/blog\/wp-json\/wp\/v2\/tags?post=2072"}],"curies":[{"name":"wp","href":"https:\/\/api.w.org\/{rel}","templated":true}]}}