{"id":3001,"date":"2023-07-26T12:47:44","date_gmt":"2023-07-26T12:47:44","guid":{"rendered":"https:\/\/www.foreo.com\/fr\/blog\/?p=3001"},"modified":"2023-07-27T09:28:42","modified_gmt":"2023-07-27T09:28:42","slug":"aromatherapie-et-les-soins-de-la-peau-que-valent-les-huiles-essentielles","status":"publish","type":"post","link":"https:\/\/www.foreo.com\/fr\/blog\/aromatherapie-et-les-soins-de-la-peau-que-valent-les-huiles-essentielles\/","title":{"rendered":"Aromath\u00e9rapie et les Soins de la Peau : que valent les Huiles Essentielles ?"},"content":{"rendered":"<p><span style=\"font-weight: 400;\">L&rsquo;<\/span><b>aromath\u00e9rapie<\/b><span style=\"font-weight: 400;\"> est une pratique ancestrale qui s&rsquo;appuie sur les propri\u00e9t\u00e9s <\/span><b>th\u00e9rapeutiques <\/b><span style=\"font-weight: 400;\">des huiles essentielles extraites de plantes. Capturant les parfums naturels des fleurs, fruits, feuilles et herbes, ces huiles offrent une <\/span><b>exp\u00e9rience sensorielle<\/b><span style=\"font-weight: 400;\"> agr\u00e9able.<\/span><\/p>\n<p><span style=\"font-weight: 400;\">Plongez-vous donc dans les ar\u00f4mes apaisants des huiles essentielles et d\u00e9couvrez ses secrets !<\/span><\/p>\n<p><a href=\"https:\/\/www.instagram.com\/foreo_france\/\" target=\"_blank\" rel=\"noopener\"><img decoding=\"async\" class=\"aligncenter wp-image-2812 size-full\" src=\"https:\/\/www.foreo.com\/fr\/blog\/wp-content\/uploads\/2023\/04\/Rejoignez-nous-sur-instagram-Suivez-@foreo_france-pour-decouvrir-nos-offres-speciales-et-astuces-beaute-e1681394211743.png\" alt=\"\" width=\"800\" height=\"206\" srcset=\"https:\/\/www.foreo.com\/fr\/blog\/wp-content\/uploads\/2023\/04\/Rejoignez-nous-sur-instagram-Suivez-@foreo_france-pour-decouvrir-nos-offres-speciales-et-astuces-beaute-e1681394211743-200x52.png 200w, https:\/\/www.foreo.com\/fr\/blog\/wp-content\/uploads\/2023\/04\/Rejoignez-nous-sur-instagram-Suivez-@foreo_france-pour-decouvrir-nos-offres-speciales-et-astuces-beaute-e1681394211743-300x77.png 300w, https:\/\/www.foreo.com\/fr\/blog\/wp-content\/uploads\/2023\/04\/Rejoignez-nous-sur-instagram-Suivez-@foreo_france-pour-decouvrir-nos-offres-speciales-et-astuces-beaute-e1681394211743-400x103.png 400w, https:\/\/www.foreo.com\/fr\/blog\/wp-content\/uploads\/2023\/04\/Rejoignez-nous-sur-instagram-Suivez-@foreo_france-pour-decouvrir-nos-offres-speciales-et-astuces-beaute-e1681394211743-600x155.png 600w, https:\/\/www.foreo.com\/fr\/blog\/wp-content\/uploads\/2023\/04\/Rejoignez-nous-sur-instagram-Suivez-@foreo_france-pour-decouvrir-nos-offres-speciales-et-astuces-beaute-e1681394211743-768x198.png 768w, https:\/\/www.foreo.com\/fr\/blog\/wp-content\/uploads\/2023\/04\/Rejoignez-nous-sur-instagram-Suivez-@foreo_france-pour-decouvrir-nos-offres-speciales-et-astuces-beaute-e1681394211743.png 800w\" sizes=\"(max-width: 800px) 100vw, 800px\" \/><\/a><\/p>\n<div id=\"ez-toc-container\" class=\"ez-toc-v2_0_47_1 counter-hierarchy ez-toc-counter ez-toc-grey ez-toc-container-direction\">\n<div class=\"ez-toc-title-container\">\n<p class=\"ez-toc-title\">Table des mati&egrave;res<\/p>\n<span class=\"ez-toc-title-toggle\"><\/span><\/div>\n<nav><ul class='ez-toc-list ez-toc-list-level-1 ' ><li class='ez-toc-page-1 ez-toc-heading-level-2'><a class=\"ez-toc-link ez-toc-heading-1\" href=\"https:\/\/www.foreo.com\/fr\/blog\/aromatherapie-et-les-soins-de-la-peau-que-valent-les-huiles-essentielles\/#Le-fonctionnement-de-l%E2%80%99aromatherapie\" title=\"Le fonctionnement de l&rsquo;aromath\u00e9rapie\">Le fonctionnement de l&rsquo;aromath\u00e9rapie<\/a><\/li><li class='ez-toc-page-1 ez-toc-heading-level-2'><a class=\"ez-toc-link ez-toc-heading-2\" href=\"https:\/\/www.foreo.com\/fr\/blog\/aromatherapie-et-les-soins-de-la-peau-que-valent-les-huiles-essentielles\/#De-multiples-bienfaits-personnalisez-l%E2%80%99aromatherapie-pour-votre-peau\" title=\"De multiples bienfaits : personnalisez l&rsquo;aromath\u00e9rapie pour votre peau\">De multiples bienfaits : personnalisez l&rsquo;aromath\u00e9rapie pour votre peau<\/a><\/li><li class='ez-toc-page-1 ez-toc-heading-level-2'><a class=\"ez-toc-link ez-toc-heading-3\" href=\"https:\/\/www.foreo.com\/fr\/blog\/aromatherapie-et-les-soins-de-la-peau-que-valent-les-huiles-essentielles\/#Comment-integrer-l%E2%80%99aromatherapie-a-votre-routine-de-soins\" title=\"Comment int\u00e9grer l&rsquo;aromath\u00e9rapie \u00e0 votre routine de soins ?&nbsp;\">Comment int\u00e9grer l&rsquo;aromath\u00e9rapie \u00e0 votre routine de soins ?&nbsp;<\/a><\/li><li class='ez-toc-page-1 ez-toc-heading-level-2'><a class=\"ez-toc-link ez-toc-heading-4\" href=\"https:\/\/www.foreo.com\/fr\/blog\/aromatherapie-et-les-soins-de-la-peau-que-valent-les-huiles-essentielles\/#Les-parfums-et-les-huiles-essentielles\" title=\"Les parfums et les huiles essentielles\">Les parfums et les huiles essentielles<\/a><\/li><\/ul><\/nav><\/div>\n<h2><span class=\"ez-toc-section\" id=\"Le-fonctionnement-de-l%E2%80%99aromatherapie\"><\/span><b>Le fonctionnement de l&rsquo;aromath\u00e9rapie<\/b><span class=\"ez-toc-section-end\"><\/span><\/h2>\n<p><span style=\"font-weight: 400;\">L&rsquo;<\/span><b>aromath\u00e9rapie<\/b><span style=\"font-weight: 400;\"> tire sa magie des compos\u00e9s aromatiques puissants contenus dans les <\/span><a href=\"https:\/\/www.foreo.com\/fr\/blog\/les-vertus-des-huiles-essentielles-pour-le-bien-etre-de-la-peau\/\" target=\"_blank\" rel=\"noopener\"><b>huiles essentielles<\/b><\/a><span style=\"font-weight: 400;\">. Appliqu\u00e9s sur la peau, ces compos\u00e9s p\u00e9n\u00e8trent en profondeur, interagissant avec les r\u00e9cepteurs du corps et d\u00e9clenchant des r\u00e9actions biochimiques.<\/span><\/p>\n<p><span style=\"font-weight: 400;\">Cette interaction am\u00e9liore la <\/span><b>circulation sanguine<\/b><span style=\"font-weight: 400;\">, stimule la <\/span><b>r\u00e9g\u00e9n\u00e9ration cellulaire<\/b><span style=\"font-weight: 400;\"> et soutient les processus naturels de gu\u00e9rison de la peau, pour un teint <\/span><b>rajeuni <\/b><span style=\"font-weight: 400;\">et <\/span><b>\u00e9clatant<\/b><span style=\"font-weight: 400;\">.<\/span><\/p>\n<h2><span class=\"ez-toc-section\" id=\"De-multiples-bienfaits-personnalisez-l%E2%80%99aromatherapie-pour-votre-peau\"><\/span><b>De multiples bienfaits : personnalisez l&rsquo;aromath\u00e9rapie pour votre peau<\/b><span class=\"ez-toc-section-end\"><\/span><\/h2>\n<p><span style=\"font-weight: 400;\">Dans les soins de la peau, les huiles essentielles sont de v\u00e9ritables alli\u00e9es, <\/span><b>nourrissant <\/b><span style=\"font-weight: 400;\">la peau, favorisant la <\/span><b>d\u00e9tente <\/b><span style=\"font-weight: 400;\">et am\u00e9liorant l&rsquo;<\/span><b>humeur<\/b><span style=\"font-weight: 400;\">.&nbsp;<\/span><\/p>\n<p><span style=\"font-weight: 400;\">De plus, les huiles essentielles ont des vertus remarquables pour <\/span><b>revitaliser <\/b><span style=\"font-weight: 400;\">et <\/span><b>rajeunir <\/b><span style=\"font-weight: 400;\">la peau. Par exemple, l&rsquo;<\/span><b>huile de lavande<\/b> <b>apaise<\/b><span style=\"font-weight: 400;\"> est id\u00e9ale pour les peaux sensibles ou irrit\u00e9es. D&rsquo;un autre c\u00f4t\u00e9, l&rsquo;<\/span><b>huile d&rsquo;arbre \u00e0 th\u00e9 <\/b><span style=\"font-weight: 400;\">offre des propri\u00e9t\u00e9s <\/span><b>antibact\u00e9riennes<\/b><span style=\"font-weight: 400;\">, parfaites pour les peaux sujettes \u00e0 l&rsquo;<\/span><b>acn\u00e9<\/b><span style=\"font-weight: 400;\">. Int\u00e9grez donc les huiles essentielles \u00e0 votre routine de soins pour traiter vos probl\u00e8mes cutan\u00e9s en appliquant localement une goutte sur l\u2019<\/span><b>inflammation<\/b><span style=\"font-weight: 400;\">.<\/span><\/p>\n<p><span style=\"font-weight: 400;\">Voici les principaux bienfaits des huiles essentielles :&nbsp;<\/span><\/p>\n<ul>\n<li style=\"font-weight: 400;\" aria-level=\"1\"><b>Effets <a href=\"https:\/\/www.foreo.com\/fr\/blog\/guide-complet-pour-une-routine-de-soins-de-la-peau-anti-age\/\" target=\"_blank\" rel=\"noopener\">anti-\u00e2ge<\/a> :<\/b><span style=\"font-weight: 400;\"> L&rsquo;huile essentielle de g\u00e9ranium, riche en antioxydants, r\u00e9duit l&rsquo;apparence des ridules et des rides, pour une peau \u00e9clatante de jeunesse.<\/span><\/li>\n<li style=\"font-weight: 400;\" aria-level=\"1\"><b>Apaisement des Irritations : <\/b><span style=\"font-weight: 400;\">La camomille et la calendula calment les rougeurs, inflammations et irritations cutan\u00e9es, pour une peau apais\u00e9e et r\u00e9co<\/span>nfort\u00e9e.<\/li>\n<li style=\"font-weight: 400;\" aria-level=\"1\"><b>R\u00e9gulation de la production de <a href=\"https:\/\/www.foreo.com\/fr\/blog\/exces-de-sebum-comment-dire-adieu-a-la-peau-grasse\/\" target=\"_blank\" rel=\"noopener\">s\u00e9bum<\/a> :<\/b><span style=\"font-weight: 400;\"> L&rsquo;huile essentielle d\u2019ylang-ylang et le patchouli sont adapt\u00e9es aux peaux grasses et s\u00e8ches car elles aident \u00e0 \u00e9quilibrer la production de s\u00e9bum.<\/span><\/li>\n<li style=\"font-weight: 400;\" aria-level=\"1\"><b>Un teint \u00e9clatant :<\/b><span style=\"font-weight: 400;\"> Les huiles d&rsquo;agrumes, telles que l&rsquo;orange et le pamplemousse, \u00e9claircissent le teint en exfoliant d\u00e9licatement la peau.<\/span><\/li>\n<\/ul>\n<h2><span class=\"ez-toc-section\" id=\"Comment-integrer-l%E2%80%99aromatherapie-a-votre-routine-de-soins\"><\/span><b>Comment int\u00e9grer l&rsquo;aromath\u00e9rapie \u00e0 votre routine de soins ?&nbsp;<\/b><span class=\"ez-toc-section-end\"><\/span><\/h2>\n<p><span style=\"font-weight: 400;\">Ajoutez quelques gouttes de l&rsquo;huile essentielle de votre choix \u00e0 une huile de base telle que l&rsquo;<\/span><a href=\"https:\/\/www.foreo.com\/fr\/blog\/les-bienfaits-de-lhuile-de-jojoba-de-la-tete-aux-pieds\/\" target=\"_blank\" rel=\"noopener\"><b>huile de jojoba<\/b><\/a><b> <\/b><span style=\"font-weight: 400;\">ou d&rsquo;<\/span><b>amande douce<\/b><span style=\"font-weight: 400;\"> pour une cr\u00e8me hydratante nourrissante ou un massage facial luxueux.<\/span><\/p>\n<p><span style=\"font-weight: 400;\">Vous pouvez \u00e9galement cr\u00e9er votre propre <\/span><b>brume aromatique <\/b><span style=\"font-weight: 400;\">en m\u00e9langeant des huiles essentielles avec de l&rsquo;eau distill\u00e9e, pour une <\/span><b>dose rafra\u00eechissante <\/b><span style=\"font-weight: 400;\">d&rsquo;aromath\u00e9rapie tout au long de la journ\u00e9e.<\/span><\/p>\n<p><span style=\"font-weight: 400;\">Essayez ces<\/span><b> trois astuces<\/b><span style=\"font-weight: 400;\"> pour int\u00e9grer l&rsquo;aromath\u00e9rapie \u00e0 votre routine de soins :<\/span><\/p>\n<ul>\n<li style=\"font-weight: 400;\" aria-level=\"1\"><b>Vaporisation du visage : <\/b><span style=\"font-weight: 400;\">ajoutez quelques gouttes d&rsquo;huile essentielle \u00e0 un bol d&rsquo;eau chaude, placez une serviette sur votre t\u00eate et respirez la vapeur aromatique pour nettoyer en profondeur vos pores.<\/span><\/li>\n<li style=\"font-weight: 400;\" aria-level=\"1\"><b>Masques faits maison :<\/b><span style=\"font-weight: 400;\"> rendez votre votre masque visage plus riche avec une goutte d&rsquo;huile essentielle, comme l&rsquo;huile d&rsquo;arbre \u00e0 th\u00e9 pour une peau sujette \u00e0 l&rsquo;acn\u00e9.<\/span><\/li>\n<li style=\"font-weight: 400;\" aria-level=\"1\"><b>Massage aromath\u00e9rapeutique : <\/b><span style=\"font-weight: 400;\">m\u00e9langez vos huiles essentielles pr\u00e9f\u00e9r\u00e9es avec une huile v\u00e9g\u00e9tale et offrez-vous un massage relaxant pour une peau nourrie et d\u00e9tendue.<\/span><\/li>\n<\/ul>\n<h2><span class=\"ez-toc-section\" id=\"Les-parfums-et-les-huiles-essentielles\"><\/span><b>Les parfums et les huiles essentielles<\/b><span class=\"ez-toc-section-end\"><\/span><\/h2>\n<p><span style=\"font-weight: 400;\">Les huiles essentielles sont \u00e9galement utilis\u00e9es comme fragrance naturelle et peuvent ainsi sensibiliser la peau. Les <\/span><b>parfums <\/b><span style=\"font-weight: 400;\">peuvent r\u00e9agir diff\u00e9remment selon les individus. En effet, certains peuvent \u00eatre <\/span><b>sensibles <\/b><span style=\"font-weight: 400;\">et ressentir des irritations ou des allergies. Dans ce cas, optez pour des produits<\/span><b> sans parfum <\/b><span style=\"font-weight: 400;\">ou <\/span><b>hypoallerg\u00e9niques <\/b><span style=\"font-weight: 400;\">pour minimiser les risques de r\u00e9actions ind\u00e9sirables.<\/span><\/p>\n<p><span style=\"font-weight: 400;\">Lorsque vous utilisez des huiles essentielles, faites des <\/span><b>recherches <\/b><span style=\"font-weight: 400;\">ou consultez un <\/span><b>professionnel <\/b><span style=\"font-weight: 400;\">pour conna\u00eetre celles adapt\u00e9es \u00e0 votre peau et comment les utiliser en toute s\u00e9curit\u00e9.<\/span><\/p>\n<p style=\"text-align: center;\"><span style=\"font-weight: 400;\"><a class=\"fasc-button fasc-size-medium fasc-type-glossy fasc-rounded-medium fasc-style-bold\" style=\"background-color: #ff0000; color: #ffffff;\" target=\"_blank\" rel=\"noopener\" href=\"https:\/\/www.foreo.com\/fr\/shop-all\">D\u00e9couvrez les produits FOREO<\/a><\/span><\/p>\n<div style=\"all: initial;\">\n<div style=\"position: fixed; z-index: 2147483647; inset: 16px; pointer-events: none; font-family: sans-serif;\">&nbsp;<\/div>\n<\/div>\n<div style=\"all: initial;\">\n<div style=\"position: fixed; z-index: 2147483647; inset: 16px; pointer-events: none; font-family: sans-serif;\">&nbsp;<\/div>\n<\/div>\n<div style=\"all: initial;\">\n<div style=\"position: fixed; z-index: 2147483647; inset: 16px; pointer-events: none; font-family: sans-serif;\">&nbsp;<\/div>\n<\/div>\n","protected":false},"excerpt":{"rendered":"<p>L&rsquo;aromath\u00e9rapie est une pratique ancestrale qui s&rsquo;appuie sur les propri\u00e9t\u00e9s th\u00e9rapeutiques des huiles essentielles extraites de plantes. Capturant les parfums naturels des fleurs, fruits, feuilles et herbes, ces huiles offrent [&hellip;]<\/p>\n","protected":false},"author":1007,"featured_media":3002,"comment_status":"open","ping_status":"closed","sticky":false,"template":"","format":"standard","meta":{"footnotes":""},"categories":[1],"tags":[],"class_list":["post-3001","post","type-post","status-publish","format-standard","has-post-thumbnail","hentry","category-uncategorized"],"yoast_head":"<!-- This site is optimized with the Yoast SEO plugin v20.6 - https:\/\/yoast.com\/wordpress\/plugins\/seo\/ -->\n<title>Huiles essentielles et Soins de la Peau - MYSA<\/title>\n<meta name=\"description\" content=\"D\u00e9couvrez l\u2019aromath\u00e9rapie ou les huiles essentielles, ces ingr\u00e9dients concentr\u00e9s aux multiples bienfaits.\" \/>\n<meta name=\"robots\" content=\"index, follow, max-snippet:-1, max-image-preview:large, max-video-preview:-1\" \/>\n<link rel=\"canonical\" href=\"https:\/\/www.foreo.com\/fr\/blog\/aromatherapie-et-les-soins-de-la-peau-que-valent-les-huiles-essentielles\/\" \/>\n<meta property=\"og:locale\" content=\"fr_FR\" \/>\n<meta property=\"og:type\" content=\"article\" \/>\n<meta property=\"og:title\" content=\"Huiles essentielles et Soins de la Peau - MYSA\" \/>\n<meta property=\"og:description\" content=\"D\u00e9couvrez l\u2019aromath\u00e9rapie ou les huiles essentielles, ces ingr\u00e9dients concentr\u00e9s aux multiples bienfaits.\" \/>\n<meta property=\"og:url\" content=\"https:\/\/www.foreo.com\/fr\/blog\/aromatherapie-et-les-soins-de-la-peau-que-valent-les-huiles-essentielles\/\" \/>\n<meta property=\"og:site_name\" content=\"MYSA\" \/>\n<meta property=\"article:publisher\" content=\"https:\/\/www.facebook.com\/FOREOFrance\/\" \/>\n<meta property=\"article:published_time\" content=\"2023-07-26T12:47:44+00:00\" \/>\n<meta property=\"article:modified_time\" content=\"2023-07-27T09:28:42+00:00\" \/>\n<meta property=\"og:image\" content=\"https:\/\/www.foreo.com\/fr\/blog\/wp-content\/uploads\/2023\/07\/shutterstock_316318805-_-1200x675-1.jpg\" \/>\n\t<meta property=\"og:image:width\" content=\"1200\" \/>\n\t<meta property=\"og:image:height\" content=\"675\" \/>\n\t<meta property=\"og:image:type\" content=\"image\/jpeg\" \/>\n<meta name=\"author\" content=\"C\u00e9cile Maier\" \/>\n<meta name=\"twitter:card\" content=\"summary_large_image\" \/>\n<meta name=\"twitter:label1\" content=\"\u00c9crit par\" \/>\n\t<meta name=\"twitter:data1\" content=\"C\u00e9cile Maier\" \/>\n\t<meta name=\"twitter:label2\" content=\"Dur\u00e9e de lecture estim\u00e9e\" \/>\n\t<meta name=\"twitter:data2\" content=\"3 minutes\" \/>\n<script type=\"application\/ld+json\" class=\"yoast-schema-graph\">{\"@context\":\"https:\/\/schema.org\",\"@graph\":[{\"@type\":[\"Article\",\"BlogPosting\"],\"@id\":\"https:\/\/www.foreo.com\/fr\/blog\/aromatherapie-et-les-soins-de-la-peau-que-valent-les-huiles-essentielles\/#article\",\"isPartOf\":{\"@id\":\"https:\/\/www.foreo.com\/fr\/blog\/aromatherapie-et-les-soins-de-la-peau-que-valent-les-huiles-essentielles\/\"},\"author\":{\"name\":\"C\u00e9cile Maier\",\"@id\":\"https:\/\/www.foreo.com\/fr\/blog\/#\/schema\/person\/e742be2ecd1d477e6a53c09997732ba2\"},\"headline\":\"Aromath\u00e9rapie et les Soins de la Peau : que valent les Huiles Essentielles ?\",\"datePublished\":\"2023-07-26T12:47:44+00:00\",\"dateModified\":\"2023-07-27T09:28:42+00:00\",\"mainEntityOfPage\":{\"@id\":\"https:\/\/www.foreo.com\/fr\/blog\/aromatherapie-et-les-soins-de-la-peau-que-valent-les-huiles-essentielles\/\"},\"wordCount\":654,\"commentCount\":0,\"publisher\":{\"@id\":\"https:\/\/www.foreo.com\/fr\/blog\/#organization\"},\"articleSection\":[\"Uncategorized\"],\"inLanguage\":\"fr-FR\",\"potentialAction\":[{\"@type\":\"CommentAction\",\"name\":\"Comment\",\"target\":[\"https:\/\/www.foreo.com\/fr\/blog\/aromatherapie-et-les-soins-de-la-peau-que-valent-les-huiles-essentielles\/#respond\"]}]},{\"@type\":\"WebPage\",\"@id\":\"https:\/\/www.foreo.com\/fr\/blog\/aromatherapie-et-les-soins-de-la-peau-que-valent-les-huiles-essentielles\/\",\"url\":\"https:\/\/www.foreo.com\/fr\/blog\/aromatherapie-et-les-soins-de-la-peau-que-valent-les-huiles-essentielles\/\",\"name\":\"Huiles essentielles et Soins de la Peau - MYSA\",\"isPartOf\":{\"@id\":\"https:\/\/www.foreo.com\/fr\/blog\/#website\"},\"datePublished\":\"2023-07-26T12:47:44+00:00\",\"dateModified\":\"2023-07-27T09:28:42+00:00\",\"description\":\"D\u00e9couvrez l\u2019aromath\u00e9rapie ou les huiles essentielles, ces ingr\u00e9dients concentr\u00e9s aux multiples bienfaits.\",\"breadcrumb\":{\"@id\":\"https:\/\/www.foreo.com\/fr\/blog\/aromatherapie-et-les-soins-de-la-peau-que-valent-les-huiles-essentielles\/#breadcrumb\"},\"inLanguage\":\"fr-FR\",\"potentialAction\":[{\"@type\":\"ReadAction\",\"target\":[\"https:\/\/www.foreo.com\/fr\/blog\/aromatherapie-et-les-soins-de-la-peau-que-valent-les-huiles-essentielles\/\"]}]},{\"@type\":\"BreadcrumbList\",\"@id\":\"https:\/\/www.foreo.com\/fr\/blog\/aromatherapie-et-les-soins-de-la-peau-que-valent-les-huiles-essentielles\/#breadcrumb\",\"itemListElement\":[{\"@type\":\"ListItem\",\"position\":1,\"name\":\"BLOG\",\"item\":\"https:\/\/www.foreo.com\/fr\/blog\/\"},{\"@type\":\"ListItem\",\"position\":2,\"name\":\"Uncategorized\",\"item\":\"https:\/\/www.foreo.com\/fr\/blog\/uncategorized\/\"},{\"@type\":\"ListItem\",\"position\":3,\"name\":\"Aromath\u00e9rapie et les Soins de la Peau : que valent les Huiles Essentielles ?\"}]},{\"@type\":\"WebSite\",\"@id\":\"https:\/\/www.foreo.com\/fr\/blog\/#website\",\"url\":\"https:\/\/www.foreo.com\/fr\/blog\/\",\"name\":\"MYSA\",\"description\":\"Le Blog de FOREO\",\"publisher\":{\"@id\":\"https:\/\/www.foreo.com\/fr\/blog\/#organization\"},\"potentialAction\":[{\"@type\":\"SearchAction\",\"target\":{\"@type\":\"EntryPoint\",\"urlTemplate\":\"https:\/\/www.foreo.com\/fr\/blog\/?s={search_term_string}\"},\"query-input\":\"required name=search_term_string\"}],\"inLanguage\":\"fr-FR\"},{\"@type\":\"Organization\",\"@id\":\"https:\/\/www.foreo.com\/fr\/blog\/#organization\",\"name\":\"MYSA de FOREO\",\"url\":\"https:\/\/www.foreo.com\/fr\/blog\/\",\"logo\":{\"@type\":\"ImageObject\",\"inLanguage\":\"fr-FR\",\"@id\":\"https:\/\/www.foreo.com\/fr\/blog\/#\/schema\/logo\/image\/\",\"url\":\"https:\/\/www.foreo.com\/fr\/blog\/wp-content\/uploads\/2022\/02\/mysa-logo-w-quote-france-re\u0301seaux-sociaux.jpg\",\"contentUrl\":\"https:\/\/www.foreo.com\/fr\/blog\/wp-content\/uploads\/2022\/02\/mysa-logo-w-quote-france-re\u0301seaux-sociaux.jpg\",\"width\":2500,\"height\":1312,\"caption\":\"MYSA de FOREO\"},\"image\":{\"@id\":\"https:\/\/www.foreo.com\/fr\/blog\/#\/schema\/logo\/image\/\"},\"sameAs\":[\"https:\/\/www.facebook.com\/FOREOFrance\/\",\"https:\/\/www.instagram.com\/foreo_france\/\",\"https:\/\/www.youtube.com\/playlist?list=PLvV6UceMUecxDg_AKB3YXDjmkeASETQcw\"]},{\"@type\":\"Person\",\"@id\":\"https:\/\/www.foreo.com\/fr\/blog\/#\/schema\/person\/e742be2ecd1d477e6a53c09997732ba2\",\"name\":\"C\u00e9cile Maier\",\"image\":{\"@type\":\"ImageObject\",\"inLanguage\":\"fr-FR\",\"@id\":\"https:\/\/www.foreo.com\/fr\/blog\/#\/schema\/person\/image\/\",\"url\":\"https:\/\/secure.gravatar.com\/avatar\/a290ea15292a4f3f86f5bd84f00a830b286f1b39723380a322bf0fc92b392fc3?s=96&d=mm&r=pg\",\"contentUrl\":\"https:\/\/secure.gravatar.com\/avatar\/a290ea15292a4f3f86f5bd84f00a830b286f1b39723380a322bf0fc92b392fc3?s=96&d=mm&r=pg\",\"caption\":\"C\u00e9cile Maier\"},\"description\":\"Apr\u00e8s des ann\u00e9es d'exp\u00e9rience dans le secteur de la beaut\u00e9, de la parfumerie et du luxe, j'aime suivre les nouvelles tendances pour am\u00e9liorer ma vie et mon bien-\u00eatre au quotidien. Passionn\u00e9e d'\u00e9criture, j'ai d\u00e9cid\u00e9 de m'orienter dans la r\u00e9daction d'articles pour partager mes connaissances et mes d\u00e9couvertes qui peuvent servir au plus grand nombre. En travaillant pour la marque de Beauty Tech su\u00e9doise, j'ai la possibilit\u00e9 de rendre les femmes et les hommes plus confiants et c'est la meilleure des r\u00e9compenses.\",\"sameAs\":[\"https:\/\/www.foreo.com\/fr\/blog\/author\/cecilem\/\"],\"url\":\"https:\/\/www.foreo.com\/fr\/blog\/author\/cecilem\/\"}]}<\/script>\n<!-- \/ Yoast SEO plugin. -->","yoast_head_json":{"title":"Huiles essentielles et Soins de la Peau - MYSA","description":"D\u00e9couvrez l\u2019aromath\u00e9rapie ou les huiles essentielles, ces ingr\u00e9dients concentr\u00e9s aux multiples bienfaits.","robots":{"index":"index","follow":"follow","max-snippet":"max-snippet:-1","max-image-preview":"max-image-preview:large","max-video-preview":"max-video-preview:-1"},"canonical":"https:\/\/www.foreo.com\/fr\/blog\/aromatherapie-et-les-soins-de-la-peau-que-valent-les-huiles-essentielles\/","og_locale":"fr_FR","og_type":"article","og_title":"Huiles essentielles et Soins de la Peau - MYSA","og_description":"D\u00e9couvrez l\u2019aromath\u00e9rapie ou les huiles essentielles, ces ingr\u00e9dients concentr\u00e9s aux multiples bienfaits.","og_url":"https:\/\/www.foreo.com\/fr\/blog\/aromatherapie-et-les-soins-de-la-peau-que-valent-les-huiles-essentielles\/","og_site_name":"MYSA","article_publisher":"https:\/\/www.facebook.com\/FOREOFrance\/","article_published_time":"2023-07-26T12:47:44+00:00","article_modified_time":"2023-07-27T09:28:42+00:00","og_image":[{"width":1200,"height":675,"url":"https:\/\/www.foreo.com\/fr\/blog\/wp-content\/uploads\/2023\/07\/shutterstock_316318805-_-1200x675-1.jpg","type":"image\/jpeg"}],"author":"C\u00e9cile Maier","twitter_card":"summary_large_image","twitter_misc":{"\u00c9crit par":"C\u00e9cile Maier","Dur\u00e9e de lecture estim\u00e9e":"3 minutes"},"schema":{"@context":"https:\/\/schema.org","@graph":[{"@type":["Article","BlogPosting"],"@id":"https:\/\/www.foreo.com\/fr\/blog\/aromatherapie-et-les-soins-de-la-peau-que-valent-les-huiles-essentielles\/#article","isPartOf":{"@id":"https:\/\/www.foreo.com\/fr\/blog\/aromatherapie-et-les-soins-de-la-peau-que-valent-les-huiles-essentielles\/"},"author":{"name":"C\u00e9cile Maier","@id":"https:\/\/www.foreo.com\/fr\/blog\/#\/schema\/person\/e742be2ecd1d477e6a53c09997732ba2"},"headline":"Aromath\u00e9rapie et les Soins de la Peau : que valent les Huiles Essentielles ?","datePublished":"2023-07-26T12:47:44+00:00","dateModified":"2023-07-27T09:28:42+00:00","mainEntityOfPage":{"@id":"https:\/\/www.foreo.com\/fr\/blog\/aromatherapie-et-les-soins-de-la-peau-que-valent-les-huiles-essentielles\/"},"wordCount":654,"commentCount":0,"publisher":{"@id":"https:\/\/www.foreo.com\/fr\/blog\/#organization"},"articleSection":["Uncategorized"],"inLanguage":"fr-FR","potentialAction":[{"@type":"CommentAction","name":"Comment","target":["https:\/\/www.foreo.com\/fr\/blog\/aromatherapie-et-les-soins-de-la-peau-que-valent-les-huiles-essentielles\/#respond"]}]},{"@type":"WebPage","@id":"https:\/\/www.foreo.com\/fr\/blog\/aromatherapie-et-les-soins-de-la-peau-que-valent-les-huiles-essentielles\/","url":"https:\/\/www.foreo.com\/fr\/blog\/aromatherapie-et-les-soins-de-la-peau-que-valent-les-huiles-essentielles\/","name":"Huiles essentielles et Soins de la Peau - MYSA","isPartOf":{"@id":"https:\/\/www.foreo.com\/fr\/blog\/#website"},"datePublished":"2023-07-26T12:47:44+00:00","dateModified":"2023-07-27T09:28:42+00:00","description":"D\u00e9couvrez l\u2019aromath\u00e9rapie ou les huiles essentielles, ces ingr\u00e9dients concentr\u00e9s aux multiples bienfaits.","breadcrumb":{"@id":"https:\/\/www.foreo.com\/fr\/blog\/aromatherapie-et-les-soins-de-la-peau-que-valent-les-huiles-essentielles\/#breadcrumb"},"inLanguage":"fr-FR","potentialAction":[{"@type":"ReadAction","target":["https:\/\/www.foreo.com\/fr\/blog\/aromatherapie-et-les-soins-de-la-peau-que-valent-les-huiles-essentielles\/"]}]},{"@type":"BreadcrumbList","@id":"https:\/\/www.foreo.com\/fr\/blog\/aromatherapie-et-les-soins-de-la-peau-que-valent-les-huiles-essentielles\/#breadcrumb","itemListElement":[{"@type":"ListItem","position":1,"name":"BLOG","item":"https:\/\/www.foreo.com\/fr\/blog\/"},{"@type":"ListItem","position":2,"name":"Uncategorized","item":"https:\/\/www.foreo.com\/fr\/blog\/uncategorized\/"},{"@type":"ListItem","position":3,"name":"Aromath\u00e9rapie et les Soins de la Peau : que valent les Huiles Essentielles ?"}]},{"@type":"WebSite","@id":"https:\/\/www.foreo.com\/fr\/blog\/#website","url":"https:\/\/www.foreo.com\/fr\/blog\/","name":"MYSA","description":"Le Blog de FOREO","publisher":{"@id":"https:\/\/www.foreo.com\/fr\/blog\/#organization"},"potentialAction":[{"@type":"SearchAction","target":{"@type":"EntryPoint","urlTemplate":"https:\/\/www.foreo.com\/fr\/blog\/?s={search_term_string}"},"query-input":"required name=search_term_string"}],"inLanguage":"fr-FR"},{"@type":"Organization","@id":"https:\/\/www.foreo.com\/fr\/blog\/#organization","name":"MYSA de FOREO","url":"https:\/\/www.foreo.com\/fr\/blog\/","logo":{"@type":"ImageObject","inLanguage":"fr-FR","@id":"https:\/\/www.foreo.com\/fr\/blog\/#\/schema\/logo\/image\/","url":"https:\/\/www.foreo.com\/fr\/blog\/wp-content\/uploads\/2022\/02\/mysa-logo-w-quote-france-re\u0301seaux-sociaux.jpg","contentUrl":"https:\/\/www.foreo.com\/fr\/blog\/wp-content\/uploads\/2022\/02\/mysa-logo-w-quote-france-re\u0301seaux-sociaux.jpg","width":2500,"height":1312,"caption":"MYSA de FOREO"},"image":{"@id":"https:\/\/www.foreo.com\/fr\/blog\/#\/schema\/logo\/image\/"},"sameAs":["https:\/\/www.facebook.com\/FOREOFrance\/","https:\/\/www.instagram.com\/foreo_france\/","https:\/\/www.youtube.com\/playlist?list=PLvV6UceMUecxDg_AKB3YXDjmkeASETQcw"]},{"@type":"Person","@id":"https:\/\/www.foreo.com\/fr\/blog\/#\/schema\/person\/e742be2ecd1d477e6a53c09997732ba2","name":"C\u00e9cile Maier","image":{"@type":"ImageObject","inLanguage":"fr-FR","@id":"https:\/\/www.foreo.com\/fr\/blog\/#\/schema\/person\/image\/","url":"https:\/\/secure.gravatar.com\/avatar\/a290ea15292a4f3f86f5bd84f00a830b286f1b39723380a322bf0fc92b392fc3?s=96&d=mm&r=pg","contentUrl":"https:\/\/secure.gravatar.com\/avatar\/a290ea15292a4f3f86f5bd84f00a830b286f1b39723380a322bf0fc92b392fc3?s=96&d=mm&r=pg","caption":"C\u00e9cile Maier"},"description":"Apr\u00e8s des ann\u00e9es d'exp\u00e9rience dans le secteur de la beaut\u00e9, de la parfumerie et du luxe, j'aime suivre les nouvelles tendances pour am\u00e9liorer ma vie et mon bien-\u00eatre au quotidien. Passionn\u00e9e d'\u00e9criture, j'ai d\u00e9cid\u00e9 de m'orienter dans la r\u00e9daction d'articles pour partager mes connaissances et mes d\u00e9couvertes qui peuvent servir au plus grand nombre. En travaillant pour la marque de Beauty Tech su\u00e9doise, j'ai la possibilit\u00e9 de rendre les femmes et les hommes plus confiants et c'est la meilleure des r\u00e9compenses.","sameAs":["https:\/\/www.foreo.com\/fr\/blog\/author\/cecilem\/"],"url":"https:\/\/www.foreo.com\/fr\/blog\/author\/cecilem\/"}]}},"_links":{"self":[{"href":"https:\/\/www.foreo.com\/fr\/blog\/wp-json\/wp\/v2\/posts\/3001","targetHints":{"allow":["GET"]}}],"collection":[{"href":"https:\/\/www.foreo.com\/fr\/blog\/wp-json\/wp\/v2\/posts"}],"about":[{"href":"https:\/\/www.foreo.com\/fr\/blog\/wp-json\/wp\/v2\/types\/post"}],"author":[{"embeddable":true,"href":"https:\/\/www.foreo.com\/fr\/blog\/wp-json\/wp\/v2\/users\/1007"}],"replies":[{"embeddable":true,"href":"https:\/\/www.foreo.com\/fr\/blog\/wp-json\/wp\/v2\/comments?post=3001"}],"version-history":[{"count":4,"href":"https:\/\/www.foreo.com\/fr\/blog\/wp-json\/wp\/v2\/posts\/3001\/revisions"}],"predecessor-version":[{"id":3006,"href":"https:\/\/www.foreo.com\/fr\/blog\/wp-json\/wp\/v2\/posts\/3001\/revisions\/3006"}],"wp:featuredmedia":[{"embeddable":true,"href":"https:\/\/www.foreo.com\/fr\/blog\/wp-json\/wp\/v2\/media\/3002"}],"wp:attachment":[{"href":"https:\/\/www.foreo.com\/fr\/blog\/wp-json\/wp\/v2\/media?parent=3001"}],"wp:term":[{"taxonomy":"category","embeddable":true,"href":"https:\/\/www.foreo.com\/fr\/blog\/wp-json\/wp\/v2\/categories?post=3001"},{"taxonomy":"post_tag","embeddable":true,"href":"https:\/\/www.foreo.com\/fr\/blog\/wp-json\/wp\/v2\/tags?post=3001"}],"curies":[{"name":"wp","href":"https:\/\/api.w.org\/{rel}","templated":true}]}}