{"id":3015,"date":"2023-08-02T10:50:41","date_gmt":"2023-08-02T10:50:41","guid":{"rendered":"https:\/\/www.foreo.com\/fr\/blog\/?p=3015"},"modified":"2023-08-02T10:51:27","modified_gmt":"2023-08-02T10:51:27","slug":"5-astuces-pour-prendre-soin-de-votre-peau-en-ete","status":"publish","type":"post","link":"https:\/\/www.foreo.com\/fr\/blog\/5-astuces-pour-prendre-soin-de-votre-peau-en-ete\/","title":{"rendered":"5 Habitudes Skincare \u00e0 Ajouter \u00e0 Votre Routine de Soin en \u00c9t\u00e9"},"content":{"rendered":"<p><span style=\"font-weight: 400;\">Avec les temp\u00e9ratures estivales et les expositions au soleil, il est essentiel d&rsquo;adapter sa routine de soins pour garder une peau en bonne sant\u00e9 et prot\u00e9g\u00e9e. On vous pr\u00e9sente alors nos<\/span><b> 5 ingr\u00e9dients ou produits<\/b><span style=\"font-weight: 400;\"> \u00e0 inclure dans votre routine en \u00e9t\u00e9 !<\/span><\/p>\n<p><a href=\"https:\/\/www.instagram.com\/foreo_france\/\" target=\"_blank\" rel=\"noopener\"><img decoding=\"async\" class=\"aligncenter size-full wp-image-2812\" src=\"https:\/\/www.foreo.com\/fr\/blog\/wp-content\/uploads\/2023\/04\/Rejoignez-nous-sur-instagram-Suivez-@foreo_france-pour-decouvrir-nos-offres-speciales-et-astuces-beaute-e1681394211743.png\" alt=\"\" width=\"800\" height=\"206\" srcset=\"https:\/\/www.foreo.com\/fr\/blog\/wp-content\/uploads\/2023\/04\/Rejoignez-nous-sur-instagram-Suivez-@foreo_france-pour-decouvrir-nos-offres-speciales-et-astuces-beaute-e1681394211743-200x52.png 200w, https:\/\/www.foreo.com\/fr\/blog\/wp-content\/uploads\/2023\/04\/Rejoignez-nous-sur-instagram-Suivez-@foreo_france-pour-decouvrir-nos-offres-speciales-et-astuces-beaute-e1681394211743-300x77.png 300w, https:\/\/www.foreo.com\/fr\/blog\/wp-content\/uploads\/2023\/04\/Rejoignez-nous-sur-instagram-Suivez-@foreo_france-pour-decouvrir-nos-offres-speciales-et-astuces-beaute-e1681394211743-400x103.png 400w, https:\/\/www.foreo.com\/fr\/blog\/wp-content\/uploads\/2023\/04\/Rejoignez-nous-sur-instagram-Suivez-@foreo_france-pour-decouvrir-nos-offres-speciales-et-astuces-beaute-e1681394211743-600x155.png 600w, https:\/\/www.foreo.com\/fr\/blog\/wp-content\/uploads\/2023\/04\/Rejoignez-nous-sur-instagram-Suivez-@foreo_france-pour-decouvrir-nos-offres-speciales-et-astuces-beaute-e1681394211743-768x198.png 768w, https:\/\/www.foreo.com\/fr\/blog\/wp-content\/uploads\/2023\/04\/Rejoignez-nous-sur-instagram-Suivez-@foreo_france-pour-decouvrir-nos-offres-speciales-et-astuces-beaute-e1681394211743.png 800w\" sizes=\"(max-width: 800px) 100vw, 800px\" \/><\/a><\/p>\n<div id=\"ez-toc-container\" class=\"ez-toc-v2_0_47_1 counter-hierarchy ez-toc-counter ez-toc-grey ez-toc-container-direction\">\n<div class=\"ez-toc-title-container\">\n<p class=\"ez-toc-title\">Table des mati&egrave;res<\/p>\n<span class=\"ez-toc-title-toggle\"><\/span><\/div>\n<nav><ul class='ez-toc-list ez-toc-list-level-1 ' ><li class='ez-toc-page-1 ez-toc-heading-level-2'><a class=\"ez-toc-link ez-toc-heading-1\" href=\"https:\/\/www.foreo.com\/fr\/blog\/5-astuces-pour-prendre-soin-de-votre-peau-en-ete\/#L%E2%80%99acide-Hyaluronique\" title=\"L\u2019acide Hyaluronique\">L\u2019acide Hyaluronique<\/a><\/li><li class='ez-toc-page-1 ez-toc-heading-level-2'><a class=\"ez-toc-link ez-toc-heading-2\" href=\"https:\/\/www.foreo.com\/fr\/blog\/5-astuces-pour-prendre-soin-de-votre-peau-en-ete\/#La-vitamine-C\" title=\"La vitamine C\">La vitamine C<\/a><\/li><li class='ez-toc-page-1 ez-toc-heading-level-2'><a class=\"ez-toc-link ez-toc-heading-3\" href=\"https:\/\/www.foreo.com\/fr\/blog\/5-astuces-pour-prendre-soin-de-votre-peau-en-ete\/#Les-huiles-visage\" title=\"Les huiles visage&nbsp;\">Les huiles visage&nbsp;<\/a><\/li><li class='ez-toc-page-1 ez-toc-heading-level-2'><a class=\"ez-toc-link ez-toc-heading-4\" href=\"https:\/\/www.foreo.com\/fr\/blog\/5-astuces-pour-prendre-soin-de-votre-peau-en-ete\/#Les-nettoyants-creme\" title=\"Les nettoyants cr\u00e8me\">Les nettoyants cr\u00e8me<\/a><\/li><li class='ez-toc-page-1 ez-toc-heading-level-2'><a class=\"ez-toc-link ez-toc-heading-5\" href=\"https:\/\/www.foreo.com\/fr\/blog\/5-astuces-pour-prendre-soin-de-votre-peau-en-ete\/#Le-bakuchiol\" title=\"Le bakuchiol&nbsp;\">Le bakuchiol&nbsp;<\/a><\/li><\/ul><\/nav><\/div>\n<h2><span class=\"ez-toc-section\" id=\"L%E2%80%99acide-Hyaluronique\"><\/span><b>L\u2019acide Hyaluronique<\/b><span class=\"ez-toc-section-end\"><\/span><\/h2>\n<p><span style=\"font-weight: 400;\">L&rsquo;<\/span><a href=\"https:\/\/www.foreo.com\/fr\/blog\/comment-la-pollution-peut-affecter-votre-peau\/\" target=\"_blank\" rel=\"noopener\"><b>acide hyaluronique<\/b><\/a><span style=\"font-weight: 400;\"> est partout de nos jours, et maintenant, gr\u00e2ce \u00e0 ses diff\u00e9rentes formes et tailles de mol\u00e9cules, nous avons plus de fa\u00e7ons de b\u00e9n\u00e9ficier de ses bienfaits ! Cet ingr\u00e9dient miracle retient 1000 fois son poids en eau et agit comme un <\/span><b>aimant pour l&rsquo;humidit\u00e9<\/b><span style=\"font-weight: 400;\">. Il offre \u00e0 la peau une sensation <\/span><b>douce <\/b><span style=\"font-weight: 400;\">comme un oreiller pour <\/span><b>hydrater <\/b><span style=\"font-weight: 400;\">et <\/span><b>repulper <\/b><span style=\"font-weight: 400;\">la peau.<\/span><\/p>\n<p><span style=\"font-weight: 400;\">En \u00e9t\u00e9 sp\u00e9cialement, l\u2019acide hyaluronique va permettre une <\/span><b><a href=\"https:\/\/www.foreo.com\/fr\/blog\/hydratation-saine-astuces-de-soins-de-la-peau-pour-garder-votre-peau-hydratee-en-ete\/\" target=\"_blank\" rel=\"noopener\">hydratation<\/a> profonde<\/b><span style=\"font-weight: 400;\"> sans effet gras sur la peau et sans obstruer les pores. Ainsi, pourquoi ne pas rajouter les <\/span><b>masques de nuit <\/b><span style=\"font-weight: 400;\">hydratants \u00e0 votre routine ? C\u2019est pourquoi nous vous conseillons de tester le <\/span><b>masque hydratant ultra hydratant <a href=\"https:\/\/www.foreo.com\/fr\/blog\/cet-ete-misez-sur-lhydratation-avec-la-routine-supercharged-de-foreo\/\" target=\"_blank\" rel=\"noopener\">SUPERCHARGED\u2122<\/a><\/b><span style=\"font-weight: 400;\"> de FOREO, qui contient de l&rsquo;acide hyaluronique. Ce masque \u00e0 la texture <\/span><b>gel et riche <\/b><span style=\"font-weight: 400;\">revitalise et apaise la peau. L\u2019acide hyaluronique pr\u00e9sent va emprisonner l&rsquo;humidit\u00e9 pendant que vous dormez. Avec <\/span><b>99 % d&rsquo;ingr\u00e9dients d&rsquo;origine naturelle<\/b><span style=\"font-weight: 400;\">, ce traitement nourrissant laisse la peau recharg\u00e9e et rajeunie sans obstruer les pores. La peau est \u00e9clatante et lisse <\/span><b>au naturel<\/b><span style=\"font-weight: 400;\">, tout ce qu\u2019il y a de mieux en \u00e9t\u00e9.<\/span><\/p>\n<div id=\"attachment_3019\" style=\"width: 810px\" class=\"wp-caption aligncenter\"><img decoding=\"async\" aria-describedby=\"caption-attachment-3019\" class=\"wp-image-3019 size-fusion-800\" src=\"https:\/\/www.foreo.com\/fr\/blog\/wp-content\/uploads\/2023\/08\/Copy-of-SUPERCHARGED_Ultra-Hydrating-Sleeping-Mask_lifestyle-02-1-800x522.jpg\" alt=\"SUPERCHARGED\" width=\"800\" height=\"522\" srcset=\"https:\/\/www.foreo.com\/fr\/blog\/wp-content\/uploads\/2023\/08\/Copy-of-SUPERCHARGED_Ultra-Hydrating-Sleeping-Mask_lifestyle-02-1-200x130.jpg 200w, https:\/\/www.foreo.com\/fr\/blog\/wp-content\/uploads\/2023\/08\/Copy-of-SUPERCHARGED_Ultra-Hydrating-Sleeping-Mask_lifestyle-02-1-300x196.jpg 300w, https:\/\/www.foreo.com\/fr\/blog\/wp-content\/uploads\/2023\/08\/Copy-of-SUPERCHARGED_Ultra-Hydrating-Sleeping-Mask_lifestyle-02-1-400x261.jpg 400w, https:\/\/www.foreo.com\/fr\/blog\/wp-content\/uploads\/2023\/08\/Copy-of-SUPERCHARGED_Ultra-Hydrating-Sleeping-Mask_lifestyle-02-1-600x391.jpg 600w, https:\/\/www.foreo.com\/fr\/blog\/wp-content\/uploads\/2023\/08\/Copy-of-SUPERCHARGED_Ultra-Hydrating-Sleeping-Mask_lifestyle-02-1-768x501.jpg 768w, https:\/\/www.foreo.com\/fr\/blog\/wp-content\/uploads\/2023\/08\/Copy-of-SUPERCHARGED_Ultra-Hydrating-Sleeping-Mask_lifestyle-02-1-800x522.jpg 800w, https:\/\/www.foreo.com\/fr\/blog\/wp-content\/uploads\/2023\/08\/Copy-of-SUPERCHARGED_Ultra-Hydrating-Sleeping-Mask_lifestyle-02-1-1024x668.jpg 1024w, https:\/\/www.foreo.com\/fr\/blog\/wp-content\/uploads\/2023\/08\/Copy-of-SUPERCHARGED_Ultra-Hydrating-Sleeping-Mask_lifestyle-02-1-1200x783.jpg 1200w, https:\/\/www.foreo.com\/fr\/blog\/wp-content\/uploads\/2023\/08\/Copy-of-SUPERCHARGED_Ultra-Hydrating-Sleeping-Mask_lifestyle-02-1-1536x1002.jpg 1536w\" sizes=\"(max-width: 800px) 100vw, 800px\" \/><p id=\"caption-attachment-3019\" class=\"wp-caption-text\">Masque ultra-hydratant SUPERCHARGED<\/p><\/div>\n<h2><span class=\"ez-toc-section\" id=\"La-vitamine-C\"><\/span><b>La vitamine C<\/b><span class=\"ez-toc-section-end\"><\/span><\/h2>\n<p><span style=\"font-weight: 400;\">L&rsquo;\u00e9t\u00e9 et le soleil vont de pair, mais il est important de garder la peau la plus <\/span><b>saine <\/b><span style=\"font-weight: 400;\">possible pour ne pas devoir rattraper de potentiels d\u00e9g\u00e2ts par la suite ! La vitamine C est un ingr\u00e9dient essentiel pour prendre soin de notre peau. Cette puissante vitamine est un <\/span><b>antioxydant naturel <\/b><span style=\"font-weight: 400;\">qui aide \u00e0 <\/span><b>prot\u00e9ger <\/b><span style=\"font-weight: 400;\">la peau des dommages caus\u00e9s par les <\/span><a href=\"https:\/\/www.foreo.com\/fr\/blog\/stress-oxydatif-et-radicaux-libres-lunion-fait-latroce\/\" target=\"_blank\" rel=\"noopener\"><b>radicaux libres<\/b><\/a><span style=\"font-weight: 400;\">. De plus, la <a href=\"https:\/\/www.foreo.com\/fr\/blog\/le-retinol-et-la-vitamine-c-les-opposes-qui-sattirent\/\" target=\"_blank\" rel=\"noopener\">vitamine C<\/a> est r\u00e9put\u00e9e pour ses propri\u00e9t\u00e9s <\/span><b>\u00e9claircissantes<\/b><span style=\"font-weight: 400;\">, ce qui en fait un alli\u00e9 de choix pour r\u00e9duire l&rsquo;apparence des<\/span><b> taches brunes <\/b><span style=\"font-weight: 400;\">dues au soleil. En incorporant la vitamine C dans votre routine de soins estivaux, vous favorisez un teint plus \u00e9clatant et <\/span><b>uniforme<\/b><span style=\"font-weight: 400;\">, tout en aidant \u00e0 pr\u00e9venir les<\/span><b> signes pr\u00e9matur\u00e9s <\/b><span style=\"font-weight: 400;\">du <\/span><a href=\"https:\/\/www.foreo.com\/fr\/blog\/le-soin-de-la-peau-de-20-ans-a-60-ans-pour-prendre-le-vieillissement-a-rebours\/\" target=\"_blank\" rel=\"noopener\"><b>vieillissement<\/b><\/a><span style=\"font-weight: 400;\">. Que ce soit sous forme de s\u00e9rum, de cr\u00e8me ou d&rsquo;ampoules, l&rsquo;ajout de vitamine C \u00e0 notre routine de soins de la peau est un moyen efficace de maintenir une peau radieuse.<\/span><\/p>\n<h2><span class=\"ez-toc-section\" id=\"Les-huiles-visage\"><\/span><b>Les huiles visage&nbsp;<\/b><span class=\"ez-toc-section-end\"><\/span><\/h2>\n<p><span style=\"font-weight: 400;\">Notre peau cr\u00e9e naturellement de l\u2019huile, donc elles sont plus que bienvenues lorsque nous les appliquons localement. Il est recommand\u00e9 d&rsquo;utiliser des <\/span><b><a href=\"https:\/\/www.foreo.com\/fr\/blog\/notre-selection-dhuiles-pour-prendre-soin-de-votre-peau-seche-mixte-grasse-ou-sensible\/\" target=\"_blank\" rel=\"noopener\">huiles<\/a> pour le visage <\/b><span style=\"font-weight: 400;\">avant d&rsquo;aller au lit et de les laisser agir pendant la nuit. Le meilleur conseil est d&rsquo;appliquer l&rsquo;huile un peu avant de vous coucher, car vous ne voulez pas coller !<\/span><\/p>\n<h2><span class=\"ez-toc-section\" id=\"Les-nettoyants-creme\"><\/span><b>Les nettoyants cr\u00e8me<\/b><span class=\"ez-toc-section-end\"><\/span><\/h2>\n<p><span style=\"font-weight: 400;\">Nettoyer efficacement sans irriter pour \u00e9liminer la <\/span><b>protection solaire <\/b><span style=\"font-weight: 400;\">et le <\/span><b>maquillage <\/b><span style=\"font-weight: 400;\">est essentiel en \u00e9t\u00e9. Les <\/span><b>nettoyants cr\u00e9meux<\/b><span style=\"font-weight: 400;\"> font exactement cela ! Essayez de choisir les formules qui fonctionnent le mieux avec votre peau.<\/span><\/p>\n<p><span style=\"font-weight: 400;\">Un excellent nettoyant quotidien \u00e0 essayer est le nettoyant <\/span><b>LUNA\u2122 Micro-Foam 2.0<\/b><span style=\"font-weight: 400;\">. Ce qui le distingue, c&rsquo;est que c&rsquo;est un nettoyant cr\u00e9meux <\/span><b>super doux <\/b><span style=\"font-weight: 400;\">qui se transforme en d\u00e9licates <\/span><b>micro-bulles<\/b><span style=\"font-weight: 400;\">. Il \u00e9limine les impuret\u00e9s de l&rsquo;int\u00e9rieur des pores pour purifier d\u00e9licatement la peau. Formul\u00e9 avec des <\/span><b>acides amin\u00e9s<\/b><span style=\"font-weight: 400;\"> et de la <\/span><a href=\"https:\/\/www.foreo.com\/fr\/blog\/quelles-sont-les-meilleures-vitamines-pour-les-soins-de-la-peau-et-comment-les-utiliser\/\" target=\"_blank\" rel=\"noopener\"><b>vitamine E <\/b><\/a><span style=\"font-weight: 400;\">qui aident \u00e0 retenir l&rsquo;humidit\u00e9, la peau est douce et d&rsquo;apparence saine. Il fonctionne parfaitement avec notre embl\u00e9matique brosse nettoyante<\/span><a href=\"https:\/\/www.foreo.com\/fr\/blog\/en-quoi-les-appareils-luna-sont-differents-des-autres-brosses-nettoyantes\/\" target=\"_blank\" rel=\"noopener\"><b> LUNA\u2122<\/b><\/a><span style=\"font-weight: 400;\"> pour \u00e9liminer 99,5 % de la salet\u00e9 et du s\u00e9bum de la peau.<\/span><\/p>\n<div id=\"attachment_3017\" style=\"width: 610px\" class=\"wp-caption aligncenter\"><img decoding=\"async\" aria-describedby=\"caption-attachment-3017\" class=\"wp-image-3017 size-fusion-600\" src=\"https:\/\/www.foreo.com\/fr\/blog\/wp-content\/uploads\/2023\/08\/03_FOREO_LUNA-MICRO-FOAM-CLEANSER2.0-2-600x750.jpg\" alt=\"\" width=\"600\" height=\"750\" srcset=\"https:\/\/www.foreo.com\/fr\/blog\/wp-content\/uploads\/2023\/08\/03_FOREO_LUNA-MICRO-FOAM-CLEANSER2.0-2-200x250.jpg 200w, https:\/\/www.foreo.com\/fr\/blog\/wp-content\/uploads\/2023\/08\/03_FOREO_LUNA-MICRO-FOAM-CLEANSER2.0-2-240x300.jpg 240w, https:\/\/www.foreo.com\/fr\/blog\/wp-content\/uploads\/2023\/08\/03_FOREO_LUNA-MICRO-FOAM-CLEANSER2.0-2-400x500.jpg 400w, https:\/\/www.foreo.com\/fr\/blog\/wp-content\/uploads\/2023\/08\/03_FOREO_LUNA-MICRO-FOAM-CLEANSER2.0-2-600x750.jpg 600w, https:\/\/www.foreo.com\/fr\/blog\/wp-content\/uploads\/2023\/08\/03_FOREO_LUNA-MICRO-FOAM-CLEANSER2.0-2-768x960.jpg 768w, https:\/\/www.foreo.com\/fr\/blog\/wp-content\/uploads\/2023\/08\/03_FOREO_LUNA-MICRO-FOAM-CLEANSER2.0-2-800x1000.jpg 800w, https:\/\/www.foreo.com\/fr\/blog\/wp-content\/uploads\/2023\/08\/03_FOREO_LUNA-MICRO-FOAM-CLEANSER2.0-2-819x1024.jpg 819w, https:\/\/www.foreo.com\/fr\/blog\/wp-content\/uploads\/2023\/08\/03_FOREO_LUNA-MICRO-FOAM-CLEANSER2.0-2-1200x1500.jpg 1200w, https:\/\/www.foreo.com\/fr\/blog\/wp-content\/uploads\/2023\/08\/03_FOREO_LUNA-MICRO-FOAM-CLEANSER2.0-2-1229x1536.jpg 1229w, https:\/\/www.foreo.com\/fr\/blog\/wp-content\/uploads\/2023\/08\/03_FOREO_LUNA-MICRO-FOAM-CLEANSER2.0-2-1638x2048.jpg 1638w\" sizes=\"(max-width: 600px) 100vw, 600px\" \/><p id=\"caption-attachment-3017\" class=\"wp-caption-text\">Nettoyant Micro-Foam 2.0 &amp; LUNA 4<\/p><\/div>\n<h2><span class=\"ez-toc-section\" id=\"Le-bakuchiol\"><\/span><b>Le bakuchiol&nbsp;<\/b><span class=\"ez-toc-section-end\"><\/span><\/h2>\n<p><span style=\"font-weight: 400;\">Le <\/span><b>bakuchiol <\/b><span style=\"font-weight: 400;\">offre une <\/span><b>alternative <\/b><span style=\"font-weight: 400;\">pour ceux qui se tournent vers le <\/span><a href=\"https:\/\/www.foreo.com\/fr\/blog\/quest-ce-que-le-retinol\/\" target=\"_blank\" rel=\"noopener\"><b>r\u00e9tinol<\/b><\/a><span style=\"font-weight: 400;\">. Encore plus en \u00e9t\u00e9, il est important d\u2019\u00e9viter les ingr\u00e9dients ayant une <\/span><b>photosensibilit\u00e9 <\/b><span style=\"font-weight: 400;\">\u00e9lev\u00e9e. C\u2019est pourquoi, le bakuchiol est l\u2019alternative parfaite aux <\/span><b>r\u00e9tino\u00efdes<\/b><span style=\"font-weight: 400;\">. L\u2019utilisation du bakuchiol remonte \u00e0 l&rsquo;utilisation de la m\u00e9decine ayurv\u00e9dique et chinoise. Il permet d&rsquo;<\/span><b>acc\u00e9l\u00e9rer le renouvellement cellulaire<\/b><span style=\"font-weight: 400;\"> sans irritation. Des \u00e9tudes cliniques ont d\u00e9montr\u00e9 qu&rsquo;il r\u00e9duit les ridules, les rides, la rugosit\u00e9 et augmente l&rsquo;\u00e9lasticit\u00e9 de la peau. M\u00eame s&rsquo;il convient parfaitement \u00e0 ceux qui ont la <\/span><b>peau sensible<\/b><span style=\"font-weight: 400;\">.<\/span><\/p>\n<p><span style=\"font-weight: 400;\">Il est ainsi possible de traiter votre peau m\u00eame en \u00e9t\u00e9 avec les ingr\u00e9dients et formules adapt\u00e9es. N\u2019oubliez pas l\u2019\u00e9tape la plus importante en \u00e9t\u00e9, l\u2019application d\u2019un <\/span><b>\u00e9cran solaire <\/b><span style=\"font-weight: 400;\">au fur et \u00e0 mesure de la journ\u00e9e pour ne pas rendre votre peau plus sensible.<\/span><\/p>\n<p style=\"text-align: center;\"><a href=\"https:\/\/www.foreo.com\/supercharged-sleeping-mask\"><span style=\"font-weight: 400;\"><\/span><\/a><a class=\"fasc-button fasc-size-medium fasc-type-glossy fasc-rounded-medium fasc-style-bold\" style=\"background-color: #ff0000; color: #ffffff;\" target=\"_blank\" href=\"https:\/\/www.foreo.com\/supercharged-sleeping-mask\" rel=\"noopener\">D\u00e9couvrez le masque de nuit SUPERCHARGED de FOREO<\/a><\/p>\n<div style=\"all: initial;\">\n<div style=\"position: fixed; z-index: 2147483647; inset: 16px; pointer-events: none; font-family: sans-serif;\">&nbsp;<\/div>\n<\/div>\n","protected":false},"excerpt":{"rendered":"<p>Avec les temp\u00e9ratures estivales et les expositions au soleil, il est essentiel d&rsquo;adapter sa routine de soins pour garder une peau en bonne sant\u00e9 et prot\u00e9g\u00e9e. On vous pr\u00e9sente alors [&hellip;]<\/p>\n","protected":false},"author":1007,"featured_media":3016,"comment_status":"open","ping_status":"closed","sticky":false,"template":"","format":"standard","meta":{"footnotes":""},"categories":[15],"tags":[79,236,42],"class_list":["post-3015","post","type-post","status-publish","format-standard","has-post-thumbnail","hentry","category-skincare","tag-ete","tag-skincare","tag-soins-du-visage"],"yoast_head":"<!-- This site is optimized with the Yoast SEO plugin v20.6 - https:\/\/yoast.com\/wordpress\/plugins\/seo\/ -->\n<title>5 Astuces pour Prendre Soin de Votre Peau en \u00c9t\u00e9\u00a0 - MYSA<\/title>\n<meta name=\"description\" content=\"Maintenez la beaut\u00e9 \u00e9clatante de votre peau en \u00e9t\u00e9 avec nos 5 conseils essentiels pour pr\u00e9server votre peau des agressions estivales.\" \/>\n<meta name=\"robots\" content=\"index, follow, max-snippet:-1, max-image-preview:large, max-video-preview:-1\" \/>\n<link rel=\"canonical\" href=\"https:\/\/www.foreo.com\/fr\/blog\/5-astuces-pour-prendre-soin-de-votre-peau-en-ete\/\" \/>\n<meta property=\"og:locale\" content=\"fr_FR\" \/>\n<meta property=\"og:type\" content=\"article\" \/>\n<meta property=\"og:title\" content=\"5 Astuces pour Prendre Soin de Votre Peau en \u00c9t\u00e9\u00a0 - MYSA\" \/>\n<meta property=\"og:description\" content=\"Maintenez la beaut\u00e9 \u00e9clatante de votre peau en \u00e9t\u00e9 avec nos 5 conseils essentiels pour pr\u00e9server votre peau des agressions estivales.\" \/>\n<meta property=\"og:url\" content=\"https:\/\/www.foreo.com\/fr\/blog\/5-astuces-pour-prendre-soin-de-votre-peau-en-ete\/\" \/>\n<meta property=\"og:site_name\" content=\"MYSA\" \/>\n<meta property=\"article:publisher\" content=\"https:\/\/www.facebook.com\/FOREOFrance\/\" \/>\n<meta property=\"article:published_time\" content=\"2023-08-02T10:50:41+00:00\" \/>\n<meta property=\"article:modified_time\" content=\"2023-08-02T10:51:27+00:00\" \/>\n<meta property=\"og:image\" content=\"https:\/\/www.foreo.com\/fr\/blog\/wp-content\/uploads\/2023\/08\/shutterstock_1923804107-copy-_-1200x675-1.jpg\" \/>\n\t<meta property=\"og:image:width\" content=\"1200\" \/>\n\t<meta property=\"og:image:height\" content=\"675\" \/>\n\t<meta property=\"og:image:type\" content=\"image\/jpeg\" \/>\n<meta name=\"author\" content=\"C\u00e9cile Maier\" \/>\n<meta name=\"twitter:card\" content=\"summary_large_image\" \/>\n<meta name=\"twitter:label1\" content=\"\u00c9crit par\" \/>\n\t<meta name=\"twitter:data1\" content=\"C\u00e9cile Maier\" \/>\n\t<meta name=\"twitter:label2\" content=\"Dur\u00e9e de lecture estim\u00e9e\" \/>\n\t<meta name=\"twitter:data2\" content=\"4 minutes\" \/>\n<script type=\"application\/ld+json\" class=\"yoast-schema-graph\">{\"@context\":\"https:\/\/schema.org\",\"@graph\":[{\"@type\":[\"Article\",\"BlogPosting\"],\"@id\":\"https:\/\/www.foreo.com\/fr\/blog\/5-astuces-pour-prendre-soin-de-votre-peau-en-ete\/#article\",\"isPartOf\":{\"@id\":\"https:\/\/www.foreo.com\/fr\/blog\/5-astuces-pour-prendre-soin-de-votre-peau-en-ete\/\"},\"author\":{\"name\":\"C\u00e9cile Maier\",\"@id\":\"https:\/\/www.foreo.com\/fr\/blog\/#\/schema\/person\/e742be2ecd1d477e6a53c09997732ba2\"},\"headline\":\"5 Habitudes Skincare \u00e0 Ajouter \u00e0 Votre Routine de Soin en \u00c9t\u00e9\",\"datePublished\":\"2023-08-02T10:50:41+00:00\",\"dateModified\":\"2023-08-02T10:51:27+00:00\",\"mainEntityOfPage\":{\"@id\":\"https:\/\/www.foreo.com\/fr\/blog\/5-astuces-pour-prendre-soin-de-votre-peau-en-ete\/\"},\"wordCount\":788,\"commentCount\":0,\"publisher\":{\"@id\":\"https:\/\/www.foreo.com\/fr\/blog\/#organization\"},\"keywords\":[\"\u00c9t\u00e9\",\"Skincare\",\"Soins du visage\"],\"articleSection\":[\"SKINCARE\"],\"inLanguage\":\"fr-FR\",\"potentialAction\":[{\"@type\":\"CommentAction\",\"name\":\"Comment\",\"target\":[\"https:\/\/www.foreo.com\/fr\/blog\/5-astuces-pour-prendre-soin-de-votre-peau-en-ete\/#respond\"]}]},{\"@type\":\"WebPage\",\"@id\":\"https:\/\/www.foreo.com\/fr\/blog\/5-astuces-pour-prendre-soin-de-votre-peau-en-ete\/\",\"url\":\"https:\/\/www.foreo.com\/fr\/blog\/5-astuces-pour-prendre-soin-de-votre-peau-en-ete\/\",\"name\":\"5 Astuces pour Prendre Soin de Votre Peau en \u00c9t\u00e9\u00a0 - MYSA\",\"isPartOf\":{\"@id\":\"https:\/\/www.foreo.com\/fr\/blog\/#website\"},\"datePublished\":\"2023-08-02T10:50:41+00:00\",\"dateModified\":\"2023-08-02T10:51:27+00:00\",\"description\":\"Maintenez la beaut\u00e9 \u00e9clatante de votre peau en \u00e9t\u00e9 avec nos 5 conseils essentiels pour pr\u00e9server votre peau des agressions estivales.\",\"breadcrumb\":{\"@id\":\"https:\/\/www.foreo.com\/fr\/blog\/5-astuces-pour-prendre-soin-de-votre-peau-en-ete\/#breadcrumb\"},\"inLanguage\":\"fr-FR\",\"potentialAction\":[{\"@type\":\"ReadAction\",\"target\":[\"https:\/\/www.foreo.com\/fr\/blog\/5-astuces-pour-prendre-soin-de-votre-peau-en-ete\/\"]}]},{\"@type\":\"BreadcrumbList\",\"@id\":\"https:\/\/www.foreo.com\/fr\/blog\/5-astuces-pour-prendre-soin-de-votre-peau-en-ete\/#breadcrumb\",\"itemListElement\":[{\"@type\":\"ListItem\",\"position\":1,\"name\":\"BLOG\",\"item\":\"https:\/\/www.foreo.com\/fr\/blog\/\"},{\"@type\":\"ListItem\",\"position\":2,\"name\":\"SKINCARE\",\"item\":\"https:\/\/www.foreo.com\/fr\/blog\/skincare\/\"},{\"@type\":\"ListItem\",\"position\":3,\"name\":\"5 Habitudes Skincare \u00e0 Ajouter \u00e0 Votre Routine de Soin en \u00c9t\u00e9\"}]},{\"@type\":\"WebSite\",\"@id\":\"https:\/\/www.foreo.com\/fr\/blog\/#website\",\"url\":\"https:\/\/www.foreo.com\/fr\/blog\/\",\"name\":\"MYSA\",\"description\":\"Le Blog de FOREO\",\"publisher\":{\"@id\":\"https:\/\/www.foreo.com\/fr\/blog\/#organization\"},\"potentialAction\":[{\"@type\":\"SearchAction\",\"target\":{\"@type\":\"EntryPoint\",\"urlTemplate\":\"https:\/\/www.foreo.com\/fr\/blog\/?s={search_term_string}\"},\"query-input\":\"required name=search_term_string\"}],\"inLanguage\":\"fr-FR\"},{\"@type\":\"Organization\",\"@id\":\"https:\/\/www.foreo.com\/fr\/blog\/#organization\",\"name\":\"MYSA de FOREO\",\"url\":\"https:\/\/www.foreo.com\/fr\/blog\/\",\"logo\":{\"@type\":\"ImageObject\",\"inLanguage\":\"fr-FR\",\"@id\":\"https:\/\/www.foreo.com\/fr\/blog\/#\/schema\/logo\/image\/\",\"url\":\"https:\/\/www.foreo.com\/fr\/blog\/wp-content\/uploads\/2022\/02\/mysa-logo-w-quote-france-re\u0301seaux-sociaux.jpg\",\"contentUrl\":\"https:\/\/www.foreo.com\/fr\/blog\/wp-content\/uploads\/2022\/02\/mysa-logo-w-quote-france-re\u0301seaux-sociaux.jpg\",\"width\":2500,\"height\":1312,\"caption\":\"MYSA de FOREO\"},\"image\":{\"@id\":\"https:\/\/www.foreo.com\/fr\/blog\/#\/schema\/logo\/image\/\"},\"sameAs\":[\"https:\/\/www.facebook.com\/FOREOFrance\/\",\"https:\/\/www.instagram.com\/foreo_france\/\",\"https:\/\/www.youtube.com\/playlist?list=PLvV6UceMUecxDg_AKB3YXDjmkeASETQcw\"]},{\"@type\":\"Person\",\"@id\":\"https:\/\/www.foreo.com\/fr\/blog\/#\/schema\/person\/e742be2ecd1d477e6a53c09997732ba2\",\"name\":\"C\u00e9cile Maier\",\"image\":{\"@type\":\"ImageObject\",\"inLanguage\":\"fr-FR\",\"@id\":\"https:\/\/www.foreo.com\/fr\/blog\/#\/schema\/person\/image\/\",\"url\":\"https:\/\/secure.gravatar.com\/avatar\/a290ea15292a4f3f86f5bd84f00a830b286f1b39723380a322bf0fc92b392fc3?s=96&d=mm&r=pg\",\"contentUrl\":\"https:\/\/secure.gravatar.com\/avatar\/a290ea15292a4f3f86f5bd84f00a830b286f1b39723380a322bf0fc92b392fc3?s=96&d=mm&r=pg\",\"caption\":\"C\u00e9cile Maier\"},\"description\":\"Apr\u00e8s des ann\u00e9es d'exp\u00e9rience dans le secteur de la beaut\u00e9, de la parfumerie et du luxe, j'aime suivre les nouvelles tendances pour am\u00e9liorer ma vie et mon bien-\u00eatre au quotidien. Passionn\u00e9e d'\u00e9criture, j'ai d\u00e9cid\u00e9 de m'orienter dans la r\u00e9daction d'articles pour partager mes connaissances et mes d\u00e9couvertes qui peuvent servir au plus grand nombre. En travaillant pour la marque de Beauty Tech su\u00e9doise, j'ai la possibilit\u00e9 de rendre les femmes et les hommes plus confiants et c'est la meilleure des r\u00e9compenses.\",\"sameAs\":[\"https:\/\/www.foreo.com\/fr\/blog\/author\/cecilem\/\"],\"url\":\"https:\/\/www.foreo.com\/fr\/blog\/author\/cecilem\/\"}]}<\/script>\n<!-- \/ Yoast SEO plugin. -->","yoast_head_json":{"title":"5 Astuces pour Prendre Soin de Votre Peau en \u00c9t\u00e9\u00a0 - MYSA","description":"Maintenez la beaut\u00e9 \u00e9clatante de votre peau en \u00e9t\u00e9 avec nos 5 conseils essentiels pour pr\u00e9server votre peau des agressions estivales.","robots":{"index":"index","follow":"follow","max-snippet":"max-snippet:-1","max-image-preview":"max-image-preview:large","max-video-preview":"max-video-preview:-1"},"canonical":"https:\/\/www.foreo.com\/fr\/blog\/5-astuces-pour-prendre-soin-de-votre-peau-en-ete\/","og_locale":"fr_FR","og_type":"article","og_title":"5 Astuces pour Prendre Soin de Votre Peau en \u00c9t\u00e9\u00a0 - MYSA","og_description":"Maintenez la beaut\u00e9 \u00e9clatante de votre peau en \u00e9t\u00e9 avec nos 5 conseils essentiels pour pr\u00e9server votre peau des agressions estivales.","og_url":"https:\/\/www.foreo.com\/fr\/blog\/5-astuces-pour-prendre-soin-de-votre-peau-en-ete\/","og_site_name":"MYSA","article_publisher":"https:\/\/www.facebook.com\/FOREOFrance\/","article_published_time":"2023-08-02T10:50:41+00:00","article_modified_time":"2023-08-02T10:51:27+00:00","og_image":[{"width":1200,"height":675,"url":"https:\/\/www.foreo.com\/fr\/blog\/wp-content\/uploads\/2023\/08\/shutterstock_1923804107-copy-_-1200x675-1.jpg","type":"image\/jpeg"}],"author":"C\u00e9cile Maier","twitter_card":"summary_large_image","twitter_misc":{"\u00c9crit par":"C\u00e9cile Maier","Dur\u00e9e de lecture estim\u00e9e":"4 minutes"},"schema":{"@context":"https:\/\/schema.org","@graph":[{"@type":["Article","BlogPosting"],"@id":"https:\/\/www.foreo.com\/fr\/blog\/5-astuces-pour-prendre-soin-de-votre-peau-en-ete\/#article","isPartOf":{"@id":"https:\/\/www.foreo.com\/fr\/blog\/5-astuces-pour-prendre-soin-de-votre-peau-en-ete\/"},"author":{"name":"C\u00e9cile Maier","@id":"https:\/\/www.foreo.com\/fr\/blog\/#\/schema\/person\/e742be2ecd1d477e6a53c09997732ba2"},"headline":"5 Habitudes Skincare \u00e0 Ajouter \u00e0 Votre Routine de Soin en \u00c9t\u00e9","datePublished":"2023-08-02T10:50:41+00:00","dateModified":"2023-08-02T10:51:27+00:00","mainEntityOfPage":{"@id":"https:\/\/www.foreo.com\/fr\/blog\/5-astuces-pour-prendre-soin-de-votre-peau-en-ete\/"},"wordCount":788,"commentCount":0,"publisher":{"@id":"https:\/\/www.foreo.com\/fr\/blog\/#organization"},"keywords":["\u00c9t\u00e9","Skincare","Soins du visage"],"articleSection":["SKINCARE"],"inLanguage":"fr-FR","potentialAction":[{"@type":"CommentAction","name":"Comment","target":["https:\/\/www.foreo.com\/fr\/blog\/5-astuces-pour-prendre-soin-de-votre-peau-en-ete\/#respond"]}]},{"@type":"WebPage","@id":"https:\/\/www.foreo.com\/fr\/blog\/5-astuces-pour-prendre-soin-de-votre-peau-en-ete\/","url":"https:\/\/www.foreo.com\/fr\/blog\/5-astuces-pour-prendre-soin-de-votre-peau-en-ete\/","name":"5 Astuces pour Prendre Soin de Votre Peau en \u00c9t\u00e9\u00a0 - MYSA","isPartOf":{"@id":"https:\/\/www.foreo.com\/fr\/blog\/#website"},"datePublished":"2023-08-02T10:50:41+00:00","dateModified":"2023-08-02T10:51:27+00:00","description":"Maintenez la beaut\u00e9 \u00e9clatante de votre peau en \u00e9t\u00e9 avec nos 5 conseils essentiels pour pr\u00e9server votre peau des agressions estivales.","breadcrumb":{"@id":"https:\/\/www.foreo.com\/fr\/blog\/5-astuces-pour-prendre-soin-de-votre-peau-en-ete\/#breadcrumb"},"inLanguage":"fr-FR","potentialAction":[{"@type":"ReadAction","target":["https:\/\/www.foreo.com\/fr\/blog\/5-astuces-pour-prendre-soin-de-votre-peau-en-ete\/"]}]},{"@type":"BreadcrumbList","@id":"https:\/\/www.foreo.com\/fr\/blog\/5-astuces-pour-prendre-soin-de-votre-peau-en-ete\/#breadcrumb","itemListElement":[{"@type":"ListItem","position":1,"name":"BLOG","item":"https:\/\/www.foreo.com\/fr\/blog\/"},{"@type":"ListItem","position":2,"name":"SKINCARE","item":"https:\/\/www.foreo.com\/fr\/blog\/skincare\/"},{"@type":"ListItem","position":3,"name":"5 Habitudes Skincare \u00e0 Ajouter \u00e0 Votre Routine de Soin en \u00c9t\u00e9"}]},{"@type":"WebSite","@id":"https:\/\/www.foreo.com\/fr\/blog\/#website","url":"https:\/\/www.foreo.com\/fr\/blog\/","name":"MYSA","description":"Le Blog de FOREO","publisher":{"@id":"https:\/\/www.foreo.com\/fr\/blog\/#organization"},"potentialAction":[{"@type":"SearchAction","target":{"@type":"EntryPoint","urlTemplate":"https:\/\/www.foreo.com\/fr\/blog\/?s={search_term_string}"},"query-input":"required name=search_term_string"}],"inLanguage":"fr-FR"},{"@type":"Organization","@id":"https:\/\/www.foreo.com\/fr\/blog\/#organization","name":"MYSA de FOREO","url":"https:\/\/www.foreo.com\/fr\/blog\/","logo":{"@type":"ImageObject","inLanguage":"fr-FR","@id":"https:\/\/www.foreo.com\/fr\/blog\/#\/schema\/logo\/image\/","url":"https:\/\/www.foreo.com\/fr\/blog\/wp-content\/uploads\/2022\/02\/mysa-logo-w-quote-france-re\u0301seaux-sociaux.jpg","contentUrl":"https:\/\/www.foreo.com\/fr\/blog\/wp-content\/uploads\/2022\/02\/mysa-logo-w-quote-france-re\u0301seaux-sociaux.jpg","width":2500,"height":1312,"caption":"MYSA de FOREO"},"image":{"@id":"https:\/\/www.foreo.com\/fr\/blog\/#\/schema\/logo\/image\/"},"sameAs":["https:\/\/www.facebook.com\/FOREOFrance\/","https:\/\/www.instagram.com\/foreo_france\/","https:\/\/www.youtube.com\/playlist?list=PLvV6UceMUecxDg_AKB3YXDjmkeASETQcw"]},{"@type":"Person","@id":"https:\/\/www.foreo.com\/fr\/blog\/#\/schema\/person\/e742be2ecd1d477e6a53c09997732ba2","name":"C\u00e9cile Maier","image":{"@type":"ImageObject","inLanguage":"fr-FR","@id":"https:\/\/www.foreo.com\/fr\/blog\/#\/schema\/person\/image\/","url":"https:\/\/secure.gravatar.com\/avatar\/a290ea15292a4f3f86f5bd84f00a830b286f1b39723380a322bf0fc92b392fc3?s=96&d=mm&r=pg","contentUrl":"https:\/\/secure.gravatar.com\/avatar\/a290ea15292a4f3f86f5bd84f00a830b286f1b39723380a322bf0fc92b392fc3?s=96&d=mm&r=pg","caption":"C\u00e9cile Maier"},"description":"Apr\u00e8s des ann\u00e9es d'exp\u00e9rience dans le secteur de la beaut\u00e9, de la parfumerie et du luxe, j'aime suivre les nouvelles tendances pour am\u00e9liorer ma vie et mon bien-\u00eatre au quotidien. Passionn\u00e9e d'\u00e9criture, j'ai d\u00e9cid\u00e9 de m'orienter dans la r\u00e9daction d'articles pour partager mes connaissances et mes d\u00e9couvertes qui peuvent servir au plus grand nombre. En travaillant pour la marque de Beauty Tech su\u00e9doise, j'ai la possibilit\u00e9 de rendre les femmes et les hommes plus confiants et c'est la meilleure des r\u00e9compenses.","sameAs":["https:\/\/www.foreo.com\/fr\/blog\/author\/cecilem\/"],"url":"https:\/\/www.foreo.com\/fr\/blog\/author\/cecilem\/"}]}},"_links":{"self":[{"href":"https:\/\/www.foreo.com\/fr\/blog\/wp-json\/wp\/v2\/posts\/3015","targetHints":{"allow":["GET"]}}],"collection":[{"href":"https:\/\/www.foreo.com\/fr\/blog\/wp-json\/wp\/v2\/posts"}],"about":[{"href":"https:\/\/www.foreo.com\/fr\/blog\/wp-json\/wp\/v2\/types\/post"}],"author":[{"embeddable":true,"href":"https:\/\/www.foreo.com\/fr\/blog\/wp-json\/wp\/v2\/users\/1007"}],"replies":[{"embeddable":true,"href":"https:\/\/www.foreo.com\/fr\/blog\/wp-json\/wp\/v2\/comments?post=3015"}],"version-history":[{"count":2,"href":"https:\/\/www.foreo.com\/fr\/blog\/wp-json\/wp\/v2\/posts\/3015\/revisions"}],"predecessor-version":[{"id":3021,"href":"https:\/\/www.foreo.com\/fr\/blog\/wp-json\/wp\/v2\/posts\/3015\/revisions\/3021"}],"wp:featuredmedia":[{"embeddable":true,"href":"https:\/\/www.foreo.com\/fr\/blog\/wp-json\/wp\/v2\/media\/3016"}],"wp:attachment":[{"href":"https:\/\/www.foreo.com\/fr\/blog\/wp-json\/wp\/v2\/media?parent=3015"}],"wp:term":[{"taxonomy":"category","embeddable":true,"href":"https:\/\/www.foreo.com\/fr\/blog\/wp-json\/wp\/v2\/categories?post=3015"},{"taxonomy":"post_tag","embeddable":true,"href":"https:\/\/www.foreo.com\/fr\/blog\/wp-json\/wp\/v2\/tags?post=3015"}],"curies":[{"name":"wp","href":"https:\/\/api.w.org\/{rel}","templated":true}]}}